{"id":1005,"date":"2016-03-31T07:45:34","date_gmt":"2016-03-31T07:45:34","guid":{"rendered":"http:\/\/hebelbund.de\/?p=1005"},"modified":"2016-03-31T07:45:34","modified_gmt":"2016-03-31T07:45:34","slug":"hebelbund-und-museum-kooperieren-enger","status":"publish","type":"post","link":"https:\/\/hebelbund.de\/?p=1005","title":{"rendered":"Hebelbund und Museum kooperieren enger"},"content":{"rendered":"<p><strong>Projekt f\u00fcr 2018 in Planung \/ Hebelbund-Programm mit Schatzk\u00e4stlein, Literatur und Rundgang.<\/strong><\/p>\n<p><span class=\"ngSpitzmarke\">L\u00d6RRACH.<\/span> Der Hebelbund und das Dreil\u00e4ndermuseum wollen ihre ohnehin gute Zusammenarbeit weiter intensivieren und auch konzeptionell kooperieren. Ein erstes Ergebnis soll eine Sonderausstellung mit Publikation und Begleitprogramm zu Hebels Schweizer Reise sein. Das ist f\u00fcr 2018 in den Blick genommen. Ohnehin ist die N\u00e4he von Hebelbund und Museum gro\u00df. &#8222;Es tut sich zusammen, was zusammengeh\u00f6rt&#8220;, formuliert Hebelbund-Pr\u00e4sident Volker Habermaier. \u00a0<a href=\"http:\/\/www.badische-zeitung.de\/loerrach\/hebelbund-und-museum-kooperieren-enger\" target=\"_blank\">mehr&gt;<\/a>\u00a0<strong><span style=\"color: #ff0000;\">HB<\/span><\/strong><\/p>\n","protected":false},"excerpt":{"rendered":"<p>Projekt f\u00fcr 2018 in Planung \/ Hebelbund-Programm mit Schatzk\u00e4stlein, Literatur und Rundgang. L\u00d6RRACH. Der Hebelbund und das Dreil\u00e4ndermuseum wollen ihre ohnehin gute Zusammenarbeit weiter intensivieren und auch konzeptionell kooperieren. Ein erstes Ergebnis soll eine Sonderausstellung mit Publikation und Begleitprogramm zu Hebels Schweizer Reise sein. Das ist f\u00fcr 2018 in den Blick genommen. Ohnehin ist die &hellip; <a href=\"https:\/\/hebelbund.de\/?p=1005\" class=\"more-link\">Continue reading <span class=\"screen-reader-text\">Hebelbund und Museum kooperieren enger<\/span><\/a><\/p>\n","protected":false},"author":3,"featured_media":0,"comment_status":"closed","ping_status":"open","sticky":false,"template":"","format":"standard","meta":{"footnotes":""},"categories":[13],"tags":[],"class_list":["post-1005","post","type-post","status-publish","format-standard","hentry","category-presse-aktuell"],"_links":{"self":[{"href":"https:\/\/hebelbund.de\/index.php?rest_route=\/wp\/v2\/posts\/1005","targetHints":{"allow":["GET"]}}],"collection":[{"href":"https:\/\/hebelbund.de\/index.php?rest_route=\/wp\/v2\/posts"}],"about":[{"href":"https:\/\/hebelbund.de\/index.php?rest_route=\/wp\/v2\/types\/post"}],"author":[{"embeddable":true,"href":"https:\/\/hebelbund.de\/index.php?rest_route=\/wp\/v2\/users\/3"}],"replies":[{"embeddable":true,"href":"https:\/\/hebelbund.de\/index.php?rest_route=%2Fwp%2Fv2%2Fcomments&post=1005"}],"version-history":[{"count":1,"href":"https:\/\/hebelbund.de\/index.php?rest_route=\/wp\/v2\/posts\/1005\/revisions"}],"predecessor-version":[{"id":1006,"href":"https:\/\/hebelbund.de\/index.php?rest_route=\/wp\/v2\/posts\/1005\/revisions\/1006"}],"wp:attachment":[{"href":"https:\/\/hebelbund.de\/index.php?rest_route=%2Fwp%2Fv2%2Fmedia&parent=1005"}],"wp:term":[{"taxonomy":"category","embeddable":true,"href":"https:\/\/hebelbund.de\/index.php?rest_route=%2Fwp%2Fv2%2Fcategories&post=1005"},{"taxonomy":"post_tag","embeddable":true,"href":"https:\/\/hebelbund.de\/index.php?rest_route=%2Fwp%2Fv2%2Ftags&post=1005"}],"curies":[{"name":"wp","href":"https:\/\/api.w.org\/{rel}","templated":true}]}}