{"id":1014,"date":"2016-04-19T08:26:56","date_gmt":"2016-04-19T08:26:56","guid":{"rendered":"http:\/\/hebelbund.de\/?p=1014"},"modified":"2016-05-03T06:51:10","modified_gmt":"2016-05-03T06:51:10","slug":"wege-die-auch-ideel-verbindung-stiften","status":"publish","type":"post","link":"https:\/\/hebelbund.de\/?p=1014","title":{"rendered":"Wege, die auch ideell Verbindung stiften"},"content":{"rendered":"<p><strong>Mit dem Els\u00e4sserrheinweg zwischen Basel und H\u00fcningen wird auch ein neuer Dreyland-Dichterweg er\u00f6ffnet.<\/strong><\/p>\n<p><span class=\"ngSpitzmarke\">BASEL (BZ).<\/span> In der Mundart kann man alles ausdr\u00fccken, wenn man es kann oder in wie es in Mundart hei\u00dft: &#8222;Im Dialekt k\u00e0t mer \u00e0lles \u00fcssdrucke, wenn mer\u2019s k\u00e0t.&#8220; An den Gedanken der Gebr\u00fcder Albert und Adolphe Matthis, den Begr\u00fcndern der Stra\u00dfburger Mundartlyrik, kn\u00fcpft der &#8222;Dreyland-Dichterweg&#8220; an, den Basel, H\u00fcningen und Weil am Rhein realisiert haben. \u00a0<a href=\"http:\/\/www.badische-zeitung.de\/basel\/eroeffnung-des-elsaesserrheinwegs\" target=\"_blank\">mehr&gt;<\/a><\/p>\n","protected":false},"excerpt":{"rendered":"<p>Mit dem Els\u00e4sserrheinweg zwischen Basel und H\u00fcningen wird auch ein neuer Dreyland-Dichterweg er\u00f6ffnet. BASEL (BZ). In der Mundart kann man alles ausdr\u00fccken, wenn man es kann oder in wie es in Mundart hei\u00dft: &#8222;Im Dialekt k\u00e0t mer \u00e0lles \u00fcssdrucke, wenn mer\u2019s k\u00e0t.&#8220; An den Gedanken der Gebr\u00fcder Albert und Adolphe Matthis, den Begr\u00fcndern der Stra\u00dfburger &hellip; <a href=\"https:\/\/hebelbund.de\/?p=1014\" class=\"more-link\">Continue reading <span class=\"screen-reader-text\">Wege, die auch ideell Verbindung stiften<\/span><\/a><\/p>\n","protected":false},"author":3,"featured_media":0,"comment_status":"closed","ping_status":"open","sticky":false,"template":"","format":"standard","meta":{"footnotes":""},"categories":[13],"tags":[],"class_list":["post-1014","post","type-post","status-publish","format-standard","hentry","category-presse-aktuell"],"_links":{"self":[{"href":"https:\/\/hebelbund.de\/index.php?rest_route=\/wp\/v2\/posts\/1014","targetHints":{"allow":["GET"]}}],"collection":[{"href":"https:\/\/hebelbund.de\/index.php?rest_route=\/wp\/v2\/posts"}],"about":[{"href":"https:\/\/hebelbund.de\/index.php?rest_route=\/wp\/v2\/types\/post"}],"author":[{"embeddable":true,"href":"https:\/\/hebelbund.de\/index.php?rest_route=\/wp\/v2\/users\/3"}],"replies":[{"embeddable":true,"href":"https:\/\/hebelbund.de\/index.php?rest_route=%2Fwp%2Fv2%2Fcomments&post=1014"}],"version-history":[{"count":2,"href":"https:\/\/hebelbund.de\/index.php?rest_route=\/wp\/v2\/posts\/1014\/revisions"}],"predecessor-version":[{"id":1031,"href":"https:\/\/hebelbund.de\/index.php?rest_route=\/wp\/v2\/posts\/1014\/revisions\/1031"}],"wp:attachment":[{"href":"https:\/\/hebelbund.de\/index.php?rest_route=%2Fwp%2Fv2%2Fmedia&parent=1014"}],"wp:term":[{"taxonomy":"category","embeddable":true,"href":"https:\/\/hebelbund.de\/index.php?rest_route=%2Fwp%2Fv2%2Fcategories&post=1014"},{"taxonomy":"post_tag","embeddable":true,"href":"https:\/\/hebelbund.de\/index.php?rest_route=%2Fwp%2Fv2%2Ftags&post=1014"}],"curies":[{"name":"wp","href":"https:\/\/api.w.org\/{rel}","templated":true}]}}