{"id":1040,"date":"2016-05-08T10:43:15","date_gmt":"2016-05-08T10:43:15","guid":{"rendered":"http:\/\/hebelbund.de\/?p=1040"},"modified":"2016-10-14T13:13:49","modified_gmt":"2016-10-14T13:13:49","slug":"jose-f-a-oliver","status":"publish","type":"post","link":"https:\/\/hebelbund.de\/?p=1040","title":{"rendered":"Jos\u00e9 F.A. Oliver"},"content":{"rendered":"<p>Hausach (2016) \u00a0 <a href=\"http:\/\/hebelbund.de\/wp-content\/uploads\/2016\/05\/16laudatiooliver.pdf\" target=\"_blank\">&gt;Laudatio&lt;<\/a><\/p>\n<p><img loading=\"lazy\" decoding=\"async\" class=\"alignnone wp-image-930 size-medium\" src=\"http:\/\/hebelbund.de\/wp-content\/uploads\/2016\/01\/16oliver-225x300.jpg\" alt=\"16oliver\" width=\"225\" height=\"300\" srcset=\"https:\/\/hebelbund.de\/wp-content\/uploads\/2016\/01\/16oliver-225x300.jpg 225w, https:\/\/hebelbund.de\/wp-content\/uploads\/2016\/01\/16oliver.jpg 300w\" sizes=\"auto, (max-width: 225px) 100vw, 225px\" \/><\/p>\n<p>Geb. 1961 in Hausach\/Schw., \u00a0wo die Eltern ein Jahr\u00a0 zuvor aus Malaga zugezogen waren, und wo er bis heute auch wohnt.<\/p>\n<p>Freier Schriftsteller<\/p>\n<p>Oliver lernte als Kind \u00a0zuerst Andalusisch und Alemannisch kennen und erst\u00a0 danach Spanisch und Hochdeutsch. So sch\u00e4rfte sich sein Sinn f\u00fcr Sprache.<\/p>\n<p>Er\u00a0 schreibt \u00a0Prosa, Gedichte und Essays, ist Gr\u00fcnder und Kurator des Literaturfestivals \u201eHausacher LeseLenz\u201c und Leiter von Schreibwerkst\u00e4tten f\u00fcr Jugendliche.<\/p>\n<p>Der Hebelbund L\u00f6rrach verleiht ihm den Hebeldank f\u00fcr sein literarisches Werk und f\u00fcr sein jahrzehntelanges Engagement f\u00fcr die F\u00f6rderung und Vermittlung von Literatur.<\/p>\n<p>&gt;<a href=\"https:\/\/de.wikipedia.org\/wiki\/Jos%C3%A9_F._A._Oliver\" target=\"_blank\">Wikipedia<\/a>&lt;<\/p>\n","protected":false},"excerpt":{"rendered":"<p>Hausach (2016) \u00a0 &gt;Laudatio&lt; Geb. 1961 in Hausach\/Schw., \u00a0wo die Eltern ein Jahr\u00a0 zuvor aus Malaga zugezogen waren, und wo er bis heute auch wohnt. Freier Schriftsteller Oliver lernte als Kind \u00a0zuerst Andalusisch und Alemannisch kennen und erst\u00a0 danach Spanisch und Hochdeutsch. So sch\u00e4rfte sich sein Sinn f\u00fcr Sprache. Er\u00a0 schreibt \u00a0Prosa, Gedichte und Essays, &hellip; <a href=\"https:\/\/hebelbund.de\/?p=1040\" class=\"more-link\">Continue reading <span class=\"screen-reader-text\">Jos\u00e9 F.A. Oliver<\/span><\/a><\/p>\n","protected":false},"author":3,"featured_media":0,"comment_status":"closed","ping_status":"open","sticky":false,"template":"","format":"standard","meta":{"footnotes":""},"categories":[5],"tags":[],"class_list":["post-1040","post","type-post","status-publish","format-standard","hentry","category-hebeldanktraeger"],"_links":{"self":[{"href":"https:\/\/hebelbund.de\/index.php?rest_route=\/wp\/v2\/posts\/1040","targetHints":{"allow":["GET"]}}],"collection":[{"href":"https:\/\/hebelbund.de\/index.php?rest_route=\/wp\/v2\/posts"}],"about":[{"href":"https:\/\/hebelbund.de\/index.php?rest_route=\/wp\/v2\/types\/post"}],"author":[{"embeddable":true,"href":"https:\/\/hebelbund.de\/index.php?rest_route=\/wp\/v2\/users\/3"}],"replies":[{"embeddable":true,"href":"https:\/\/hebelbund.de\/index.php?rest_route=%2Fwp%2Fv2%2Fcomments&post=1040"}],"version-history":[{"count":12,"href":"https:\/\/hebelbund.de\/index.php?rest_route=\/wp\/v2\/posts\/1040\/revisions"}],"predecessor-version":[{"id":1198,"href":"https:\/\/hebelbund.de\/index.php?rest_route=\/wp\/v2\/posts\/1040\/revisions\/1198"}],"wp:attachment":[{"href":"https:\/\/hebelbund.de\/index.php?rest_route=%2Fwp%2Fv2%2Fmedia&parent=1040"}],"wp:term":[{"taxonomy":"category","embeddable":true,"href":"https:\/\/hebelbund.de\/index.php?rest_route=%2Fwp%2Fv2%2Fcategories&post=1040"},{"taxonomy":"post_tag","embeddable":true,"href":"https:\/\/hebelbund.de\/index.php?rest_route=%2Fwp%2Fv2%2Ftags&post=1040"}],"curies":[{"name":"wp","href":"https:\/\/api.w.org\/{rel}","templated":true}]}}