{"id":1072,"date":"2016-05-11T08:05:34","date_gmt":"2016-05-11T08:05:34","guid":{"rendered":"http:\/\/hebelbund.de\/?p=1072"},"modified":"2016-05-23T12:41:12","modified_gmt":"2016-05-23T12:41:12","slug":"drei-preise-im-namen-von-johann-peter-hebel","status":"publish","type":"post","link":"https:\/\/hebelbund.de\/?p=1072","title":{"rendered":"Drei Preise im Namen von Johann Peter Hebel"},"content":{"rendered":"<p>Der alemannische Dichterf\u00fcrst ist Namensgeber f\u00fcr zahlreiche Preise und Ehrungen. Der Hebelpreis geht in diesem Jahr an den Dramatiker Lukas B\u00e4rfuss, der Liedermacher Uli F\u00fchre erhielt den Hebeldank und der Lyriker Jos\u00e9 F. A. Oliver wurde mit der Johann-Peter-Hebel-Gedenkplakette ausgezeichnet. <span style=\"color: #ff0000;\"><em><strong>HB<\/strong><\/em><\/span> \u00a0 \u00a0<a href=\"http:\/\/www.suedkurier.de\/nachrichten\/kultur\/Drei-Preise-im-Namen-von-Johann-Peter-Hebel;art10399,8703818\" target=\"_blank\">mehr&gt;<\/a><\/p>\n","protected":false},"excerpt":{"rendered":"<p>Der alemannische Dichterf\u00fcrst ist Namensgeber f\u00fcr zahlreiche Preise und Ehrungen. Der Hebelpreis geht in diesem Jahr an den Dramatiker Lukas B\u00e4rfuss, der Liedermacher Uli F\u00fchre erhielt den Hebeldank und der Lyriker Jos\u00e9 F. A. Oliver wurde mit der Johann-Peter-Hebel-Gedenkplakette ausgezeichnet. HB \u00a0 \u00a0mehr&gt;<\/p>\n","protected":false},"author":3,"featured_media":0,"comment_status":"closed","ping_status":"open","sticky":false,"template":"","format":"standard","meta":{"footnotes":""},"categories":[13],"tags":[],"class_list":["post-1072","post","type-post","status-publish","format-standard","hentry","category-presse-aktuell"],"_links":{"self":[{"href":"https:\/\/hebelbund.de\/index.php?rest_route=\/wp\/v2\/posts\/1072","targetHints":{"allow":["GET"]}}],"collection":[{"href":"https:\/\/hebelbund.de\/index.php?rest_route=\/wp\/v2\/posts"}],"about":[{"href":"https:\/\/hebelbund.de\/index.php?rest_route=\/wp\/v2\/types\/post"}],"author":[{"embeddable":true,"href":"https:\/\/hebelbund.de\/index.php?rest_route=\/wp\/v2\/users\/3"}],"replies":[{"embeddable":true,"href":"https:\/\/hebelbund.de\/index.php?rest_route=%2Fwp%2Fv2%2Fcomments&post=1072"}],"version-history":[{"count":2,"href":"https:\/\/hebelbund.de\/index.php?rest_route=\/wp\/v2\/posts\/1072\/revisions"}],"predecessor-version":[{"id":1092,"href":"https:\/\/hebelbund.de\/index.php?rest_route=\/wp\/v2\/posts\/1072\/revisions\/1092"}],"wp:attachment":[{"href":"https:\/\/hebelbund.de\/index.php?rest_route=%2Fwp%2Fv2%2Fmedia&parent=1072"}],"wp:term":[{"taxonomy":"category","embeddable":true,"href":"https:\/\/hebelbund.de\/index.php?rest_route=%2Fwp%2Fv2%2Fcategories&post=1072"},{"taxonomy":"post_tag","embeddable":true,"href":"https:\/\/hebelbund.de\/index.php?rest_route=%2Fwp%2Fv2%2Ftags&post=1072"}],"curies":[{"name":"wp","href":"https:\/\/api.w.org\/{rel}","templated":true}]}}