{"id":1077,"date":"2016-05-14T08:53:17","date_gmt":"2016-05-14T08:53:17","guid":{"rendered":"http:\/\/hebelbund.de\/?p=1077"},"modified":"2016-05-14T08:53:17","modified_gmt":"2016-05-14T08:53:17","slug":"lueginsland-drei-grossi-priistraeger","status":"publish","type":"post","link":"https:\/\/hebelbund.de\/?p=1077","title":{"rendered":"LUEGINSLAND: Drei gro\u00dfi Priistr\u00e4ger"},"content":{"rendered":"<p><span class=\"ngSpitzmarke\">Die Wuche um de 10.<\/span> Mai umme gh\u00f6ren im alemannische Oberland jo scho sit \u00fcber hundert Johr im Johann Peter Hebel un im Gedenke an ihn, an de gro\u00dfi Dichter, Theolog un P\u00e4dagog. Un Pers\u00f6nlichkeite, wo sich um si Erbe verdient gmacht h\u00e4n, werde uszeichnet. Un in dem Johr h\u00e4t s wirklich drei usgezeichneti Uszeichneti g\u00e4. Un alli drei h\u00e4n engi Verbindig zue de alemannische Gedicht vom Hebel, wo au no no wiit \u00fcber 200 Johr noch em erschte Erschiine d Mensche ber\u00fchre bis in s Tiefschti iine. \u00a0<span style=\"color: #ff0000;\"><em><strong>HB<\/strong><\/em><\/span> \u00a0<a href=\"http:\/\/www.badische-zeitung.de\/kolumnen-sonstige\/lueginsland-drei-grossi-priistraeger--122078525.html\" target=\"_blank\">mehr&gt;<\/a><\/p>\n","protected":false},"excerpt":{"rendered":"<p>Die Wuche um de 10. Mai umme gh\u00f6ren im alemannische Oberland jo scho sit \u00fcber hundert Johr im Johann Peter Hebel un im Gedenke an ihn, an de gro\u00dfi Dichter, Theolog un P\u00e4dagog. Un Pers\u00f6nlichkeite, wo sich um si Erbe verdient gmacht h\u00e4n, werde uszeichnet. Un in dem Johr h\u00e4t s wirklich drei usgezeichneti Uszeichneti &hellip; <a href=\"https:\/\/hebelbund.de\/?p=1077\" class=\"more-link\">Continue reading <span class=\"screen-reader-text\">LUEGINSLAND: Drei gro\u00dfi Priistr\u00e4ger<\/span><\/a><\/p>\n","protected":false},"author":3,"featured_media":0,"comment_status":"closed","ping_status":"open","sticky":false,"template":"","format":"standard","meta":{"footnotes":""},"categories":[13],"tags":[],"class_list":["post-1077","post","type-post","status-publish","format-standard","hentry","category-presse-aktuell"],"_links":{"self":[{"href":"https:\/\/hebelbund.de\/index.php?rest_route=\/wp\/v2\/posts\/1077","targetHints":{"allow":["GET"]}}],"collection":[{"href":"https:\/\/hebelbund.de\/index.php?rest_route=\/wp\/v2\/posts"}],"about":[{"href":"https:\/\/hebelbund.de\/index.php?rest_route=\/wp\/v2\/types\/post"}],"author":[{"embeddable":true,"href":"https:\/\/hebelbund.de\/index.php?rest_route=\/wp\/v2\/users\/3"}],"replies":[{"embeddable":true,"href":"https:\/\/hebelbund.de\/index.php?rest_route=%2Fwp%2Fv2%2Fcomments&post=1077"}],"version-history":[{"count":1,"href":"https:\/\/hebelbund.de\/index.php?rest_route=\/wp\/v2\/posts\/1077\/revisions"}],"predecessor-version":[{"id":1079,"href":"https:\/\/hebelbund.de\/index.php?rest_route=\/wp\/v2\/posts\/1077\/revisions\/1079"}],"wp:attachment":[{"href":"https:\/\/hebelbund.de\/index.php?rest_route=%2Fwp%2Fv2%2Fmedia&parent=1077"}],"wp:term":[{"taxonomy":"category","embeddable":true,"href":"https:\/\/hebelbund.de\/index.php?rest_route=%2Fwp%2Fv2%2Fcategories&post=1077"},{"taxonomy":"post_tag","embeddable":true,"href":"https:\/\/hebelbund.de\/index.php?rest_route=%2Fwp%2Fv2%2Ftags&post=1077"}],"curies":[{"name":"wp","href":"https:\/\/api.w.org\/{rel}","templated":true}]}}