{"id":1093,"date":"2016-05-23T12:44:32","date_gmt":"2016-05-23T12:44:32","guid":{"rendered":"http:\/\/hebelbund.de\/?p=1093"},"modified":"2016-05-23T12:44:32","modified_gmt":"2016-05-23T12:44:32","slug":"ungerechtigkeiten-und-widersprueche-im-blick","status":"publish","type":"post","link":"https:\/\/hebelbund.de\/?p=1093","title":{"rendered":"Ungerechtigkeiten und Widerspr\u00fcche im Blick"},"content":{"rendered":"<p>Hebelpreistr\u00e4ger Lukas B\u00e4rfuss zu Gast im Hausener Hebelhaus.<\/p>\n<p>Unangepasst, polemisch, ein Autor, der klare Aussagen macht: Dieser Ruf eilt Lukas B\u00e4rfuss voraus. Wenige Tage nach der Preisverleihung konnten die Literaturfreunde den frischgebackenen Hebelpreistr\u00e4ger bei einer Lesung im Literaturmuseum Hebelhaus aus der N\u00e4he erleben. &#8222;Jetzt bin ich schon ein bisschen hier zu Hause&#8220;, sagte der Schweizer Schriftsteller und Dramatiker vor voll besetzten Reihen.<\/p>\n<p><span style=\"color: #ff0000;\"><em><strong>HB<\/strong><\/em><\/span> \u00a0<a href=\"http:\/\/www.badische-zeitung.de\/literatur-und-vortraege\/ungerechtigkeiten-und-widersprueche-im-blick--122131608.html\" target=\"_blank\">mehr&gt;<\/a><\/p>\n","protected":false},"excerpt":{"rendered":"<p>Hebelpreistr\u00e4ger Lukas B\u00e4rfuss zu Gast im Hausener Hebelhaus. Unangepasst, polemisch, ein Autor, der klare Aussagen macht: Dieser Ruf eilt Lukas B\u00e4rfuss voraus. Wenige Tage nach der Preisverleihung konnten die Literaturfreunde den frischgebackenen Hebelpreistr\u00e4ger bei einer Lesung im Literaturmuseum Hebelhaus aus der N\u00e4he erleben. &#8222;Jetzt bin ich schon ein bisschen hier zu Hause&#8220;, sagte der Schweizer &hellip; <a href=\"https:\/\/hebelbund.de\/?p=1093\" class=\"more-link\">Continue reading <span class=\"screen-reader-text\">Ungerechtigkeiten und Widerspr\u00fcche im Blick<\/span><\/a><\/p>\n","protected":false},"author":3,"featured_media":0,"comment_status":"closed","ping_status":"open","sticky":false,"template":"","format":"standard","meta":{"footnotes":""},"categories":[13],"tags":[],"class_list":["post-1093","post","type-post","status-publish","format-standard","hentry","category-presse-aktuell"],"_links":{"self":[{"href":"https:\/\/hebelbund.de\/index.php?rest_route=\/wp\/v2\/posts\/1093","targetHints":{"allow":["GET"]}}],"collection":[{"href":"https:\/\/hebelbund.de\/index.php?rest_route=\/wp\/v2\/posts"}],"about":[{"href":"https:\/\/hebelbund.de\/index.php?rest_route=\/wp\/v2\/types\/post"}],"author":[{"embeddable":true,"href":"https:\/\/hebelbund.de\/index.php?rest_route=\/wp\/v2\/users\/3"}],"replies":[{"embeddable":true,"href":"https:\/\/hebelbund.de\/index.php?rest_route=%2Fwp%2Fv2%2Fcomments&post=1093"}],"version-history":[{"count":1,"href":"https:\/\/hebelbund.de\/index.php?rest_route=\/wp\/v2\/posts\/1093\/revisions"}],"predecessor-version":[{"id":1094,"href":"https:\/\/hebelbund.de\/index.php?rest_route=\/wp\/v2\/posts\/1093\/revisions\/1094"}],"wp:attachment":[{"href":"https:\/\/hebelbund.de\/index.php?rest_route=%2Fwp%2Fv2%2Fmedia&parent=1093"}],"wp:term":[{"taxonomy":"category","embeddable":true,"href":"https:\/\/hebelbund.de\/index.php?rest_route=%2Fwp%2Fv2%2Fcategories&post=1093"},{"taxonomy":"post_tag","embeddable":true,"href":"https:\/\/hebelbund.de\/index.php?rest_route=%2Fwp%2Fv2%2Ftags&post=1093"}],"curies":[{"name":"wp","href":"https:\/\/api.w.org\/{rel}","templated":true}]}}