{"id":1101,"date":"2016-05-24T08:16:27","date_gmt":"2016-05-24T08:16:27","guid":{"rendered":"http:\/\/hebelbund.de\/?p=1101"},"modified":"2016-05-24T08:16:27","modified_gmt":"2016-05-24T08:16:27","slug":"aus-dem-leben-einer-strasse","status":"publish","type":"post","link":"https:\/\/hebelbund.de\/?p=1101","title":{"rendered":"Aus dem Leben einer Stra\u00dfe"},"content":{"rendered":"<p class=\"vorwort\">Barbara Honigmann zu Gast beim Hebelbund.<\/p>\n<p><span class=\"ngSpitzmarke\">L\u00d6RRACH.<\/span> Sie nennt sie eine Stra\u00dfe des Anfangs. In der Rue Edel in Stra\u00dfburg, wo die Schriftstellerin Barbara Honigmann nach ihrer Ausreise aus der DDR ihre erste Wohnung bezog, lebten die Menschen nur, bevor sie in die besseren Gegenden z\u00f6gen, nahe der Ill, des Europaparlaments oder der Kathedrale. Barbara Honigmann, die jetzt in der Reihe Literarische Begegnungen des Hebelbundes im Dreil\u00e4ndermuseum zu Gast war, lebt noch immer dort. In ihrem j\u00fcngsten Buch, &#8222;Chronik meiner Stra\u00dfe&#8220;, hat sie die Rue Edel portr\u00e4tiert. \u00a0 <span style=\"color: #ff0000;\"><em><strong>HB<\/strong><\/em><\/span> \u00a0 <a href=\"http:\/\/www.badische-zeitung.de\/loerrach\/aus-dem-leben-einer-strasse--122359618.html\" target=\"_blank\">mehr&gt;<\/a><\/p>\n","protected":false},"excerpt":{"rendered":"<p>Barbara Honigmann zu Gast beim Hebelbund. L\u00d6RRACH. Sie nennt sie eine Stra\u00dfe des Anfangs. In der Rue Edel in Stra\u00dfburg, wo die Schriftstellerin Barbara Honigmann nach ihrer Ausreise aus der DDR ihre erste Wohnung bezog, lebten die Menschen nur, bevor sie in die besseren Gegenden z\u00f6gen, nahe der Ill, des Europaparlaments oder der Kathedrale. Barbara &hellip; <a href=\"https:\/\/hebelbund.de\/?p=1101\" class=\"more-link\">Continue reading <span class=\"screen-reader-text\">Aus dem Leben einer Stra\u00dfe<\/span><\/a><\/p>\n","protected":false},"author":3,"featured_media":0,"comment_status":"closed","ping_status":"open","sticky":false,"template":"","format":"standard","meta":{"footnotes":""},"categories":[13],"tags":[],"class_list":["post-1101","post","type-post","status-publish","format-standard","hentry","category-presse-aktuell"],"_links":{"self":[{"href":"https:\/\/hebelbund.de\/index.php?rest_route=\/wp\/v2\/posts\/1101","targetHints":{"allow":["GET"]}}],"collection":[{"href":"https:\/\/hebelbund.de\/index.php?rest_route=\/wp\/v2\/posts"}],"about":[{"href":"https:\/\/hebelbund.de\/index.php?rest_route=\/wp\/v2\/types\/post"}],"author":[{"embeddable":true,"href":"https:\/\/hebelbund.de\/index.php?rest_route=\/wp\/v2\/users\/3"}],"replies":[{"embeddable":true,"href":"https:\/\/hebelbund.de\/index.php?rest_route=%2Fwp%2Fv2%2Fcomments&post=1101"}],"version-history":[{"count":1,"href":"https:\/\/hebelbund.de\/index.php?rest_route=\/wp\/v2\/posts\/1101\/revisions"}],"predecessor-version":[{"id":1102,"href":"https:\/\/hebelbund.de\/index.php?rest_route=\/wp\/v2\/posts\/1101\/revisions\/1102"}],"wp:attachment":[{"href":"https:\/\/hebelbund.de\/index.php?rest_route=%2Fwp%2Fv2%2Fmedia&parent=1101"}],"wp:term":[{"taxonomy":"category","embeddable":true,"href":"https:\/\/hebelbund.de\/index.php?rest_route=%2Fwp%2Fv2%2Fcategories&post=1101"},{"taxonomy":"post_tag","embeddable":true,"href":"https:\/\/hebelbund.de\/index.php?rest_route=%2Fwp%2Fv2%2Ftags&post=1101"}],"curies":[{"name":"wp","href":"https:\/\/api.w.org\/{rel}","templated":true}]}}