{"id":1213,"date":"2016-10-28T08:23:09","date_gmt":"2016-10-28T08:23:09","guid":{"rendered":"http:\/\/hebelbund.de\/?p=1213"},"modified":"2016-10-28T08:23:09","modified_gmt":"2016-10-28T08:23:09","slug":"der-hebelpark-gehoert-wieder-den-buergern","status":"publish","type":"post","link":"https:\/\/hebelbund.de\/?p=1213","title":{"rendered":"Der Hebelpark geh\u00f6rt wieder den B\u00fcrgern"},"content":{"rendered":"<p>Der Hebelpark ist so weit abgeschlossen, dass gro\u00dfe Teile des Bauzauns entfernt werden konnten \/ Fest im Fr\u00fchling. \u00a0 \u00a0<a href=\"http:\/\/www.badische-zeitung.de\/loerrach\/der-hebelpark-gehoert-wieder-den-buergern\" target=\"_blank\">mehr&gt;<\/a><\/p>\n","protected":false},"excerpt":{"rendered":"<p>Der Hebelpark ist so weit abgeschlossen, dass gro\u00dfe Teile des Bauzauns entfernt werden konnten \/ Fest im Fr\u00fchling. \u00a0 \u00a0mehr&gt;<\/p>\n","protected":false},"author":3,"featured_media":0,"comment_status":"closed","ping_status":"open","sticky":false,"template":"","format":"aside","meta":{"footnotes":""},"categories":[13],"tags":[],"class_list":["post-1213","post","type-post","status-publish","format-aside","hentry","category-presse-aktuell","post_format-post-format-aside"],"_links":{"self":[{"href":"https:\/\/hebelbund.de\/index.php?rest_route=\/wp\/v2\/posts\/1213","targetHints":{"allow":["GET"]}}],"collection":[{"href":"https:\/\/hebelbund.de\/index.php?rest_route=\/wp\/v2\/posts"}],"about":[{"href":"https:\/\/hebelbund.de\/index.php?rest_route=\/wp\/v2\/types\/post"}],"author":[{"embeddable":true,"href":"https:\/\/hebelbund.de\/index.php?rest_route=\/wp\/v2\/users\/3"}],"replies":[{"embeddable":true,"href":"https:\/\/hebelbund.de\/index.php?rest_route=%2Fwp%2Fv2%2Fcomments&post=1213"}],"version-history":[{"count":1,"href":"https:\/\/hebelbund.de\/index.php?rest_route=\/wp\/v2\/posts\/1213\/revisions"}],"predecessor-version":[{"id":1214,"href":"https:\/\/hebelbund.de\/index.php?rest_route=\/wp\/v2\/posts\/1213\/revisions\/1214"}],"wp:attachment":[{"href":"https:\/\/hebelbund.de\/index.php?rest_route=%2Fwp%2Fv2%2Fmedia&parent=1213"}],"wp:term":[{"taxonomy":"category","embeddable":true,"href":"https:\/\/hebelbund.de\/index.php?rest_route=%2Fwp%2Fv2%2Fcategories&post=1213"},{"taxonomy":"post_tag","embeddable":true,"href":"https:\/\/hebelbund.de\/index.php?rest_route=%2Fwp%2Fv2%2Ftags&post=1213"}],"curies":[{"name":"wp","href":"https:\/\/api.w.org\/{rel}","templated":true}]}}