{"id":1333,"date":"2017-05-08T14:34:59","date_gmt":"2017-05-08T14:34:59","guid":{"rendered":"http:\/\/hebelbund.de\/?p=1333"},"modified":"2017-05-08T14:34:59","modified_gmt":"2017-05-08T14:34:59","slug":"hebeltage-in-zeiten-extremer-notlagen","status":"publish","type":"post","link":"https:\/\/hebelbund.de\/?p=1333","title":{"rendered":"Hebeltage in Zeiten extremer Notlagen"},"content":{"rendered":"<p>Von Walter Bronner<\/p>\n<p>Der 70. Jahrestag der Gr\u00fcndung des L\u00f6rracher Hebelbundes war am Sonntag Anlass zu facettenreicher R\u00fcckbesinnung auf jene denkw\u00fcrdigen Hebelfeste der Gr\u00fcnderjahre 1946 und 1947. Beim letzteren wurde L\u00f6rrach erstmals nach dem Zweiten Weltkrieg von Schweizer G\u00e4sten f\u00f6rmlich \u00fcberschwemmt. \u00a0<span style=\"color: #ff0000;\"><strong>HB<\/strong><\/span><\/p>\n<p><a href=\"http:\/\/www.verlagshaus-jaumann.de\/inhalt.loerrach-hebeltage-in-zeiten-extremer-notlagen.f6ea49b9-107d-4899-92a9-883ee86f33a2.html\" target=\"_blank\" rel=\"noopener noreferrer\">mehr&gt;<\/a><\/p>\n","protected":false},"excerpt":{"rendered":"<p>Von Walter Bronner Der 70. Jahrestag der Gr\u00fcndung des L\u00f6rracher Hebelbundes war am Sonntag Anlass zu facettenreicher R\u00fcckbesinnung auf jene denkw\u00fcrdigen Hebelfeste der Gr\u00fcnderjahre 1946 und 1947. Beim letzteren wurde L\u00f6rrach erstmals nach dem Zweiten Weltkrieg von Schweizer G\u00e4sten f\u00f6rmlich \u00fcberschwemmt. \u00a0HB mehr&gt;<\/p>\n","protected":false},"author":3,"featured_media":0,"comment_status":"closed","ping_status":"open","sticky":false,"template":"","format":"standard","meta":{"footnotes":""},"categories":[13],"tags":[],"class_list":["post-1333","post","type-post","status-publish","format-standard","hentry","category-presse-aktuell"],"_links":{"self":[{"href":"https:\/\/hebelbund.de\/index.php?rest_route=\/wp\/v2\/posts\/1333","targetHints":{"allow":["GET"]}}],"collection":[{"href":"https:\/\/hebelbund.de\/index.php?rest_route=\/wp\/v2\/posts"}],"about":[{"href":"https:\/\/hebelbund.de\/index.php?rest_route=\/wp\/v2\/types\/post"}],"author":[{"embeddable":true,"href":"https:\/\/hebelbund.de\/index.php?rest_route=\/wp\/v2\/users\/3"}],"replies":[{"embeddable":true,"href":"https:\/\/hebelbund.de\/index.php?rest_route=%2Fwp%2Fv2%2Fcomments&post=1333"}],"version-history":[{"count":1,"href":"https:\/\/hebelbund.de\/index.php?rest_route=\/wp\/v2\/posts\/1333\/revisions"}],"predecessor-version":[{"id":1334,"href":"https:\/\/hebelbund.de\/index.php?rest_route=\/wp\/v2\/posts\/1333\/revisions\/1334"}],"wp:attachment":[{"href":"https:\/\/hebelbund.de\/index.php?rest_route=%2Fwp%2Fv2%2Fmedia&parent=1333"}],"wp:term":[{"taxonomy":"category","embeddable":true,"href":"https:\/\/hebelbund.de\/index.php?rest_route=%2Fwp%2Fv2%2Fcategories&post=1333"},{"taxonomy":"post_tag","embeddable":true,"href":"https:\/\/hebelbund.de\/index.php?rest_route=%2Fwp%2Fv2%2Ftags&post=1333"}],"curies":[{"name":"wp","href":"https:\/\/api.w.org\/{rel}","templated":true}]}}