{"id":1396,"date":"2017-10-25T07:32:06","date_gmt":"2017-10-25T07:32:06","guid":{"rendered":"http:\/\/hebelbund.de\/?p=1396"},"modified":"2017-10-25T07:32:06","modified_gmt":"2017-10-25T07:32:06","slug":"dialekt-auch-ein-prima-ventil","status":"publish","type":"post","link":"https:\/\/hebelbund.de\/?p=1396","title":{"rendered":"Dialekt auch ein prima Ventil"},"content":{"rendered":"<p>Hebelschoppen\u2502Viel Beifall f\u00fcr Lieder und Gedichte<\/p>\n<p>Bad Bellingen-Hertingen (sih). Hebelfreunde aus Deutschland, der Schweiz und dem Elsass und M\u00e4nner und Frauen in Markgr\u00e4fler Tracht besuchten den Hebelschoppen in Hertingen (wir berichteten). Mit dabei waren auch Vertreter der Kanderner Ortsgruppe des Schwarzwaldvereins (SWV) \u2013 die Ortsgruppe hatte den Hebelschoppen vor 107 Jahren ins Leben gerufen.<\/p>\n<p><a href=\"https:\/\/www.verlagshaus-jaumann.de\/inhalt.bad-bellingen-dialekt-auch-ein-prima-ventil.12413808-fafd-415e-b0a6-edbe4101d8ba.html\" target=\"_blank\" rel=\"noopener noreferrer\">mehr&gt;<\/a><\/p>\n","protected":false},"excerpt":{"rendered":"<p>Hebelschoppen\u2502Viel Beifall f\u00fcr Lieder und Gedichte Bad Bellingen-Hertingen (sih). Hebelfreunde aus Deutschland, der Schweiz und dem Elsass und M\u00e4nner und Frauen in Markgr\u00e4fler Tracht besuchten den Hebelschoppen in Hertingen (wir berichteten). Mit dabei waren auch Vertreter der Kanderner Ortsgruppe des Schwarzwaldvereins (SWV) \u2013 die Ortsgruppe hatte den Hebelschoppen vor 107 Jahren ins Leben gerufen. mehr&gt;<\/p>\n","protected":false},"author":3,"featured_media":0,"comment_status":"closed","ping_status":"open","sticky":false,"template":"","format":"standard","meta":{"footnotes":""},"categories":[13],"tags":[],"class_list":["post-1396","post","type-post","status-publish","format-standard","hentry","category-presse-aktuell"],"_links":{"self":[{"href":"https:\/\/hebelbund.de\/index.php?rest_route=\/wp\/v2\/posts\/1396","targetHints":{"allow":["GET"]}}],"collection":[{"href":"https:\/\/hebelbund.de\/index.php?rest_route=\/wp\/v2\/posts"}],"about":[{"href":"https:\/\/hebelbund.de\/index.php?rest_route=\/wp\/v2\/types\/post"}],"author":[{"embeddable":true,"href":"https:\/\/hebelbund.de\/index.php?rest_route=\/wp\/v2\/users\/3"}],"replies":[{"embeddable":true,"href":"https:\/\/hebelbund.de\/index.php?rest_route=%2Fwp%2Fv2%2Fcomments&post=1396"}],"version-history":[{"count":1,"href":"https:\/\/hebelbund.de\/index.php?rest_route=\/wp\/v2\/posts\/1396\/revisions"}],"predecessor-version":[{"id":1397,"href":"https:\/\/hebelbund.de\/index.php?rest_route=\/wp\/v2\/posts\/1396\/revisions\/1397"}],"wp:attachment":[{"href":"https:\/\/hebelbund.de\/index.php?rest_route=%2Fwp%2Fv2%2Fmedia&parent=1396"}],"wp:term":[{"taxonomy":"category","embeddable":true,"href":"https:\/\/hebelbund.de\/index.php?rest_route=%2Fwp%2Fv2%2Fcategories&post=1396"},{"taxonomy":"post_tag","embeddable":true,"href":"https:\/\/hebelbund.de\/index.php?rest_route=%2Fwp%2Fv2%2Ftags&post=1396"}],"curies":[{"name":"wp","href":"https:\/\/api.w.org\/{rel}","templated":true}]}}