{"id":1429,"date":"2017-12-01T09:21:18","date_gmt":"2017-12-01T09:21:18","guid":{"rendered":"http:\/\/hebelbund.de\/?p=1429"},"modified":"2017-12-01T09:21:18","modified_gmt":"2017-12-01T09:21:18","slug":"glaube-zur-zeit-hebels","status":"publish","type":"post","link":"https:\/\/hebelbund.de\/?p=1429","title":{"rendered":"Glaube zur Zeit Hebels"},"content":{"rendered":"<p>L\u00f6rrach. Zum Reformationsjubil\u00e4um und anl\u00e4sslich der gro\u00dfen Ausstellung im Dreil\u00e4ndermuseum, die auch das Wirken Johann Peter Hebels f\u00fcr die Evangelische Landeskirche in Baden darstellt, hat der Hebelbund Martin Schneider zu einem Vortrag nach L\u00f6rrach eingeladen. <span style=\"color: #ff0000;\"><strong>HB<\/strong><\/span><\/p>\n<p><a href=\"https:\/\/www.verlagshaus-jaumann.de\/inhalt.loerrach-glaube-zur-zeit-hebels.758e9fcc-3f5f-4da5-941b-317a66efe13d.html\" target=\"_blank\" rel=\"noopener noreferrer\">mehr&gt;<\/a><\/p>\n","protected":false},"excerpt":{"rendered":"<p>L\u00f6rrach. Zum Reformationsjubil\u00e4um und anl\u00e4sslich der gro\u00dfen Ausstellung im Dreil\u00e4ndermuseum, die auch das Wirken Johann Peter Hebels f\u00fcr die Evangelische Landeskirche in Baden darstellt, hat der Hebelbund Martin Schneider zu einem Vortrag nach L\u00f6rrach eingeladen. HB mehr&gt;<\/p>\n","protected":false},"author":3,"featured_media":0,"comment_status":"closed","ping_status":"open","sticky":false,"template":"","format":"standard","meta":{"footnotes":""},"categories":[13],"tags":[],"class_list":["post-1429","post","type-post","status-publish","format-standard","hentry","category-presse-aktuell"],"_links":{"self":[{"href":"https:\/\/hebelbund.de\/index.php?rest_route=\/wp\/v2\/posts\/1429","targetHints":{"allow":["GET"]}}],"collection":[{"href":"https:\/\/hebelbund.de\/index.php?rest_route=\/wp\/v2\/posts"}],"about":[{"href":"https:\/\/hebelbund.de\/index.php?rest_route=\/wp\/v2\/types\/post"}],"author":[{"embeddable":true,"href":"https:\/\/hebelbund.de\/index.php?rest_route=\/wp\/v2\/users\/3"}],"replies":[{"embeddable":true,"href":"https:\/\/hebelbund.de\/index.php?rest_route=%2Fwp%2Fv2%2Fcomments&post=1429"}],"version-history":[{"count":1,"href":"https:\/\/hebelbund.de\/index.php?rest_route=\/wp\/v2\/posts\/1429\/revisions"}],"predecessor-version":[{"id":1430,"href":"https:\/\/hebelbund.de\/index.php?rest_route=\/wp\/v2\/posts\/1429\/revisions\/1430"}],"wp:attachment":[{"href":"https:\/\/hebelbund.de\/index.php?rest_route=%2Fwp%2Fv2%2Fmedia&parent=1429"}],"wp:term":[{"taxonomy":"category","embeddable":true,"href":"https:\/\/hebelbund.de\/index.php?rest_route=%2Fwp%2Fv2%2Fcategories&post=1429"},{"taxonomy":"post_tag","embeddable":true,"href":"https:\/\/hebelbund.de\/index.php?rest_route=%2Fwp%2Fv2%2Ftags&post=1429"}],"curies":[{"name":"wp","href":"https:\/\/api.w.org\/{rel}","templated":true}]}}