{"id":1440,"date":"2017-12-20T07:08:01","date_gmt":"2017-12-20T07:08:01","guid":{"rendered":"http:\/\/hebelbund.de\/?p=1440"},"modified":"2017-12-20T07:08:01","modified_gmt":"2017-12-20T07:08:01","slug":"hebel-liberal-aufklaererisch-und-kindernah","status":"publish","type":"post","link":"https:\/\/hebelbund.de\/?p=1440","title":{"rendered":"Hebel: liberal, aufkl\u00e4rerisch und kindernah"},"content":{"rendered":"<p>Regio (elv). \u201eEr ist so sehr als Verfasser der Alemannischen Gedichte und des Rheinl\u00e4ndischen Hausfreundes, als Schulmann und Volksschriftsteller bekannt, dass man fast M\u00fche hat, sich zu erinnern, dass er auch Theolog[e], Geistlicher gewesen ist\u201c, schreibt der schweizerische reformierte Theologe und Religionsp\u00e4dagoge Johann M\u00fcller, ein Sch\u00fcler von Karl Rudolf Hagenbach in Basel \u00fcber Hebel.<\/p>\n<p><a href=\"https:\/\/www.verlagshaus-jaumann.de\/inhalt.kreis-loerrach-hebel-liberal-aufklaererisch-und-kindernah.efd2901d-f33c-493b-86c9-11da007d32a7.html\" target=\"_blank\" rel=\"noopener\">mehr&gt;<\/a><\/p>\n","protected":false},"excerpt":{"rendered":"<p>Regio (elv). \u201eEr ist so sehr als Verfasser der Alemannischen Gedichte und des Rheinl\u00e4ndischen Hausfreundes, als Schulmann und Volksschriftsteller bekannt, dass man fast M\u00fche hat, sich zu erinnern, dass er auch Theolog[e], Geistlicher gewesen ist\u201c, schreibt der schweizerische reformierte Theologe und Religionsp\u00e4dagoge Johann M\u00fcller, ein Sch\u00fcler von Karl Rudolf Hagenbach in Basel \u00fcber Hebel. mehr&gt;<\/p>\n","protected":false},"author":3,"featured_media":0,"comment_status":"closed","ping_status":"open","sticky":false,"template":"","format":"standard","meta":{"footnotes":""},"categories":[13],"tags":[],"class_list":["post-1440","post","type-post","status-publish","format-standard","hentry","category-presse-aktuell"],"_links":{"self":[{"href":"https:\/\/hebelbund.de\/index.php?rest_route=\/wp\/v2\/posts\/1440","targetHints":{"allow":["GET"]}}],"collection":[{"href":"https:\/\/hebelbund.de\/index.php?rest_route=\/wp\/v2\/posts"}],"about":[{"href":"https:\/\/hebelbund.de\/index.php?rest_route=\/wp\/v2\/types\/post"}],"author":[{"embeddable":true,"href":"https:\/\/hebelbund.de\/index.php?rest_route=\/wp\/v2\/users\/3"}],"replies":[{"embeddable":true,"href":"https:\/\/hebelbund.de\/index.php?rest_route=%2Fwp%2Fv2%2Fcomments&post=1440"}],"version-history":[{"count":1,"href":"https:\/\/hebelbund.de\/index.php?rest_route=\/wp\/v2\/posts\/1440\/revisions"}],"predecessor-version":[{"id":1441,"href":"https:\/\/hebelbund.de\/index.php?rest_route=\/wp\/v2\/posts\/1440\/revisions\/1441"}],"wp:attachment":[{"href":"https:\/\/hebelbund.de\/index.php?rest_route=%2Fwp%2Fv2%2Fmedia&parent=1440"}],"wp:term":[{"taxonomy":"category","embeddable":true,"href":"https:\/\/hebelbund.de\/index.php?rest_route=%2Fwp%2Fv2%2Fcategories&post=1440"},{"taxonomy":"post_tag","embeddable":true,"href":"https:\/\/hebelbund.de\/index.php?rest_route=%2Fwp%2Fv2%2Ftags&post=1440"}],"curies":[{"name":"wp","href":"https:\/\/api.w.org\/{rel}","templated":true}]}}