{"id":1479,"date":"2018-03-09T09:08:15","date_gmt":"2018-03-09T09:08:15","guid":{"rendered":"http:\/\/hebelbund.de\/?p=1479"},"modified":"2018-04-28T09:23:19","modified_gmt":"2018-04-28T09:23:19","slug":"hebeldank-geht-an-moehring","status":"publish","type":"post","link":"https:\/\/hebelbund.de\/?p=1479","title":{"rendered":"Hebeldank geht an Moehring"},"content":{"rendered":"<p><strong>Der Hebelbund gibt den Preistr\u00e4ger des Jahres 2018 schon vorab bekannt \/ R\u00fcck- und Ausblick.<\/strong><\/p>\n<p>L\u00d6RRACH.\u00a0Markus Moehring, engagierter Leiter des Dreil\u00e4ndermuseums und als solcher verantwortlich f\u00fcr die gr\u00f6\u00dfte Sammlung rund um Johann Peter Hebel, ist Tr\u00e4ger des Hebeldankes 2018. Das gab Volker Habermaier, Pr\u00e4sident des Hebelbundes, bei der Hauptversammlung bekannt.\u00a0\u00a0<span style=\"color: #ff0000;\"><strong>HB<\/strong><\/span><\/p>\n<p><a href=\"http:\/\/www.badische-zeitung.de\/loerrach\/hebeldank-geht-an-moehring--150203074.html\" target=\"_blank\" rel=\"noopener\">mehr&gt;<\/a><\/p>\n","protected":false},"excerpt":{"rendered":"<p>Der Hebelbund gibt den Preistr\u00e4ger des Jahres 2018 schon vorab bekannt \/ R\u00fcck- und Ausblick. L\u00d6RRACH.\u00a0Markus Moehring, engagierter Leiter des Dreil\u00e4ndermuseums und als solcher verantwortlich f\u00fcr die gr\u00f6\u00dfte Sammlung rund um Johann Peter Hebel, ist Tr\u00e4ger des Hebeldankes 2018. Das gab Volker Habermaier, Pr\u00e4sident des Hebelbundes, bei der Hauptversammlung bekannt.\u00a0\u00a0HB mehr&gt;<\/p>\n","protected":false},"author":3,"featured_media":0,"comment_status":"closed","ping_status":"open","sticky":false,"template":"","format":"standard","meta":{"footnotes":""},"categories":[13],"tags":[],"class_list":["post-1479","post","type-post","status-publish","format-standard","hentry","category-presse-aktuell"],"_links":{"self":[{"href":"https:\/\/hebelbund.de\/index.php?rest_route=\/wp\/v2\/posts\/1479","targetHints":{"allow":["GET"]}}],"collection":[{"href":"https:\/\/hebelbund.de\/index.php?rest_route=\/wp\/v2\/posts"}],"about":[{"href":"https:\/\/hebelbund.de\/index.php?rest_route=\/wp\/v2\/types\/post"}],"author":[{"embeddable":true,"href":"https:\/\/hebelbund.de\/index.php?rest_route=\/wp\/v2\/users\/3"}],"replies":[{"embeddable":true,"href":"https:\/\/hebelbund.de\/index.php?rest_route=%2Fwp%2Fv2%2Fcomments&post=1479"}],"version-history":[{"count":2,"href":"https:\/\/hebelbund.de\/index.php?rest_route=\/wp\/v2\/posts\/1479\/revisions"}],"predecessor-version":[{"id":1552,"href":"https:\/\/hebelbund.de\/index.php?rest_route=\/wp\/v2\/posts\/1479\/revisions\/1552"}],"wp:attachment":[{"href":"https:\/\/hebelbund.de\/index.php?rest_route=%2Fwp%2Fv2%2Fmedia&parent=1479"}],"wp:term":[{"taxonomy":"category","embeddable":true,"href":"https:\/\/hebelbund.de\/index.php?rest_route=%2Fwp%2Fv2%2Fcategories&post=1479"},{"taxonomy":"post_tag","embeddable":true,"href":"https:\/\/hebelbund.de\/index.php?rest_route=%2Fwp%2Fv2%2Ftags&post=1479"}],"curies":[{"name":"wp","href":"https:\/\/api.w.org\/{rel}","templated":true}]}}