{"id":1492,"date":"2018-03-16T11:45:30","date_gmt":"2018-03-16T11:45:30","guid":{"rendered":"http:\/\/hebelbund.de\/?p=1492"},"modified":"2018-03-16T11:45:30","modified_gmt":"2018-03-16T11:45:30","slug":"christoph-meckel-erhaelt-hebel-preis-2018","status":"publish","type":"post","link":"https:\/\/hebelbund.de\/?p=1492","title":{"rendered":"Christoph Meckel erh\u00e4lt Hebel-Preis 2018"},"content":{"rendered":"<p>Der Erz\u00e4hler und Lyriker Christoph Meckel wird mit dem Johann-Peter-Hebel-Preis 2018 des Landes Baden-W\u00fcrttemberg ausgezeichnet. Seine Werke w\u00fcrden &#8222;durch ihre Zeitlosigkeit bestechen&#8220;, so Kunstministerin Theresia Bauer.<\/p>\n<p><a href=\"https:\/\/www.boersenblatt.net\/artikel-auszeichnung_fuers_lebenswerk.1441958.html\" target=\"_blank\" rel=\"noopener\">mehr&gt;<\/a><\/p>\n","protected":false},"excerpt":{"rendered":"<p>Der Erz\u00e4hler und Lyriker Christoph Meckel wird mit dem Johann-Peter-Hebel-Preis 2018 des Landes Baden-W\u00fcrttemberg ausgezeichnet. Seine Werke w\u00fcrden &#8222;durch ihre Zeitlosigkeit bestechen&#8220;, so Kunstministerin Theresia Bauer. mehr&gt;<\/p>\n","protected":false},"author":3,"featured_media":0,"comment_status":"closed","ping_status":"open","sticky":false,"template":"","format":"standard","meta":{"footnotes":""},"categories":[13],"tags":[],"class_list":["post-1492","post","type-post","status-publish","format-standard","hentry","category-presse-aktuell"],"_links":{"self":[{"href":"https:\/\/hebelbund.de\/index.php?rest_route=\/wp\/v2\/posts\/1492","targetHints":{"allow":["GET"]}}],"collection":[{"href":"https:\/\/hebelbund.de\/index.php?rest_route=\/wp\/v2\/posts"}],"about":[{"href":"https:\/\/hebelbund.de\/index.php?rest_route=\/wp\/v2\/types\/post"}],"author":[{"embeddable":true,"href":"https:\/\/hebelbund.de\/index.php?rest_route=\/wp\/v2\/users\/3"}],"replies":[{"embeddable":true,"href":"https:\/\/hebelbund.de\/index.php?rest_route=%2Fwp%2Fv2%2Fcomments&post=1492"}],"version-history":[{"count":1,"href":"https:\/\/hebelbund.de\/index.php?rest_route=\/wp\/v2\/posts\/1492\/revisions"}],"predecessor-version":[{"id":1493,"href":"https:\/\/hebelbund.de\/index.php?rest_route=\/wp\/v2\/posts\/1492\/revisions\/1493"}],"wp:attachment":[{"href":"https:\/\/hebelbund.de\/index.php?rest_route=%2Fwp%2Fv2%2Fmedia&parent=1492"}],"wp:term":[{"taxonomy":"category","embeddable":true,"href":"https:\/\/hebelbund.de\/index.php?rest_route=%2Fwp%2Fv2%2Fcategories&post=1492"},{"taxonomy":"post_tag","embeddable":true,"href":"https:\/\/hebelbund.de\/index.php?rest_route=%2Fwp%2Fv2%2Ftags&post=1492"}],"curies":[{"name":"wp","href":"https:\/\/api.w.org\/{rel}","templated":true}]}}