{"id":1499,"date":"2018-03-25T09:15:28","date_gmt":"2018-03-25T09:15:28","guid":{"rendered":"http:\/\/hebelbund.de\/?p=1499"},"modified":"2018-04-28T09:21:35","modified_gmt":"2018-04-28T09:21:35","slug":"von-froeschen-und-strudeln","status":"publish","type":"post","link":"https:\/\/hebelbund.de\/?p=1499","title":{"rendered":"Von Fr\u00f6schen und Strudeln"},"content":{"rendered":"<p><strong>Der erste Leseabend des Hebelbundes f\u00fchrt ins \u00f6sterreichische Vorarlberg, bleibt aber der alemannischen Mundart treu.<\/strong><\/p>\n<p><span class=\"ngSpitzmarke\">L\u00d6RRACH.<\/span>\u00a0Auch \u00d6sterreicher sprechen alemannisch, wer h\u00e4tte das gedacht. F\u00fcr Vorder\u00f6sterreicher gilt jedenfalls, was sich auch f\u00fcr Mundartfreunde hierzulande nicht unbedingt von selbst versteht. Jahrhundertelang reichte das Vorder\u00f6sterreich genannte Herrschaftsgebiet der Habsburger bekanntlich bis in den Breisgau, ins s\u00fcdliche Elsass und die Schweiz, seit 1375 aber eben auch bis nach Vorarlberg und bis Bregenz am Bodensee. Der erste Leseabend des L\u00f6rracher Hebelbundes in diesem Jahr stand ganz unter dem Vorarlberger Stern.\u00a0\u00a0<span style=\"color: #ff0000;\"><strong>HB<\/strong><\/span><\/p>\n<p><a href=\"http:\/\/www.badische-zeitung.de\/loerrach\/von-froeschen-und-strudeln--150678967.html\" target=\"_blank\" rel=\"noopener\">mehr&gt;<\/a><\/p>\n","protected":false},"excerpt":{"rendered":"<p>Der erste Leseabend des Hebelbundes f\u00fchrt ins \u00f6sterreichische Vorarlberg, bleibt aber der alemannischen Mundart treu. L\u00d6RRACH.\u00a0Auch \u00d6sterreicher sprechen alemannisch, wer h\u00e4tte das gedacht. F\u00fcr Vorder\u00f6sterreicher gilt jedenfalls, was sich auch f\u00fcr Mundartfreunde hierzulande nicht unbedingt von selbst versteht. Jahrhundertelang reichte das Vorder\u00f6sterreich genannte Herrschaftsgebiet der Habsburger bekanntlich bis in den Breisgau, ins s\u00fcdliche Elsass und &hellip; <a href=\"https:\/\/hebelbund.de\/?p=1499\" class=\"more-link\">Continue reading <span class=\"screen-reader-text\">Von Fr\u00f6schen und Strudeln<\/span><\/a><\/p>\n","protected":false},"author":3,"featured_media":0,"comment_status":"closed","ping_status":"open","sticky":false,"template":"","format":"standard","meta":{"footnotes":""},"categories":[13,1],"tags":[],"class_list":["post-1499","post","type-post","status-publish","format-standard","hentry","category-presse-aktuell","category-uncategorized"],"_links":{"self":[{"href":"https:\/\/hebelbund.de\/index.php?rest_route=\/wp\/v2\/posts\/1499","targetHints":{"allow":["GET"]}}],"collection":[{"href":"https:\/\/hebelbund.de\/index.php?rest_route=\/wp\/v2\/posts"}],"about":[{"href":"https:\/\/hebelbund.de\/index.php?rest_route=\/wp\/v2\/types\/post"}],"author":[{"embeddable":true,"href":"https:\/\/hebelbund.de\/index.php?rest_route=\/wp\/v2\/users\/3"}],"replies":[{"embeddable":true,"href":"https:\/\/hebelbund.de\/index.php?rest_route=%2Fwp%2Fv2%2Fcomments&post=1499"}],"version-history":[{"count":2,"href":"https:\/\/hebelbund.de\/index.php?rest_route=\/wp\/v2\/posts\/1499\/revisions"}],"predecessor-version":[{"id":1550,"href":"https:\/\/hebelbund.de\/index.php?rest_route=\/wp\/v2\/posts\/1499\/revisions\/1550"}],"wp:attachment":[{"href":"https:\/\/hebelbund.de\/index.php?rest_route=%2Fwp%2Fv2%2Fmedia&parent=1499"}],"wp:term":[{"taxonomy":"category","embeddable":true,"href":"https:\/\/hebelbund.de\/index.php?rest_route=%2Fwp%2Fv2%2Fcategories&post=1499"},{"taxonomy":"post_tag","embeddable":true,"href":"https:\/\/hebelbund.de\/index.php?rest_route=%2Fwp%2Fv2%2Ftags&post=1499"}],"curies":[{"name":"wp","href":"https:\/\/api.w.org\/{rel}","templated":true}]}}