{"id":1501,"date":"2018-03-25T09:20:13","date_gmt":"2018-03-25T09:20:13","guid":{"rendered":"http:\/\/hebelbund.de\/?p=1501"},"modified":"2018-04-28T09:21:05","modified_gmt":"2018-04-28T09:21:05","slug":"auch-in-oesterreich-spricht-man-alemannisch","status":"publish","type":"post","link":"https:\/\/hebelbund.de\/?p=1501","title":{"rendered":"Auch in \u00d6sterreich spricht man Alemannisch"},"content":{"rendered":"<p>L\u00f6rrach. Die erste Lesung dieses Jahres in der Reihe Literarische Begegnungen des Hebelbundes findet am Sonntag, 18. M\u00e4rz, um 17 Uhr im Hebelsaal des Dreil\u00e4ndermuseums statt. Ein Vorarlberger Abend f\u00fchrt die Autoren Astrid Marte, Birgit Rietzler und Adolf Vallaster nach L\u00f6rrach. Die \u00d6ffentlichkeit ist dazu eingeladen.\u00a0\u00a0<span style=\"color: #ff0000;\"><strong>HB<\/strong><\/span><\/p>\n<p><a href=\"https:\/\/www.verlagshaus-jaumann.de\/inhalt.loerrach-auch-in-oesterreich-spricht-man-alemannisch.3973a468-f4e2-4ca7-b2f9-99819b27fa2e.html\" target=\"_blank\" rel=\"noopener\">mehr&gt;<\/a><\/p>\n","protected":false},"excerpt":{"rendered":"<p>L\u00f6rrach. Die erste Lesung dieses Jahres in der Reihe Literarische Begegnungen des Hebelbundes findet am Sonntag, 18. M\u00e4rz, um 17 Uhr im Hebelsaal des Dreil\u00e4ndermuseums statt. Ein Vorarlberger Abend f\u00fchrt die Autoren Astrid Marte, Birgit Rietzler und Adolf Vallaster nach L\u00f6rrach. Die \u00d6ffentlichkeit ist dazu eingeladen.\u00a0\u00a0HB mehr&gt;<\/p>\n","protected":false},"author":3,"featured_media":0,"comment_status":"closed","ping_status":"open","sticky":false,"template":"","format":"standard","meta":{"footnotes":""},"categories":[13],"tags":[],"class_list":["post-1501","post","type-post","status-publish","format-standard","hentry","category-presse-aktuell"],"_links":{"self":[{"href":"https:\/\/hebelbund.de\/index.php?rest_route=\/wp\/v2\/posts\/1501","targetHints":{"allow":["GET"]}}],"collection":[{"href":"https:\/\/hebelbund.de\/index.php?rest_route=\/wp\/v2\/posts"}],"about":[{"href":"https:\/\/hebelbund.de\/index.php?rest_route=\/wp\/v2\/types\/post"}],"author":[{"embeddable":true,"href":"https:\/\/hebelbund.de\/index.php?rest_route=\/wp\/v2\/users\/3"}],"replies":[{"embeddable":true,"href":"https:\/\/hebelbund.de\/index.php?rest_route=%2Fwp%2Fv2%2Fcomments&post=1501"}],"version-history":[{"count":3,"href":"https:\/\/hebelbund.de\/index.php?rest_route=\/wp\/v2\/posts\/1501\/revisions"}],"predecessor-version":[{"id":1549,"href":"https:\/\/hebelbund.de\/index.php?rest_route=\/wp\/v2\/posts\/1501\/revisions\/1549"}],"wp:attachment":[{"href":"https:\/\/hebelbund.de\/index.php?rest_route=%2Fwp%2Fv2%2Fmedia&parent=1501"}],"wp:term":[{"taxonomy":"category","embeddable":true,"href":"https:\/\/hebelbund.de\/index.php?rest_route=%2Fwp%2Fv2%2Fcategories&post=1501"},{"taxonomy":"post_tag","embeddable":true,"href":"https:\/\/hebelbund.de\/index.php?rest_route=%2Fwp%2Fv2%2Ftags&post=1501"}],"curies":[{"name":"wp","href":"https:\/\/api.w.org\/{rel}","templated":true}]}}