{"id":1516,"date":"2018-04-16T14:50:03","date_gmt":"2018-04-16T14:50:03","guid":{"rendered":"http:\/\/hebelbund.de\/?p=1516"},"modified":"2018-04-16T15:05:17","modified_gmt":"2018-04-16T15:05:17","slug":"loerracher-hefte-nr-26","status":"publish","type":"post","link":"https:\/\/hebelbund.de\/?p=1516","title":{"rendered":"Schweizerreise \u2013 Johann Peter Hebel unterwegs als Aufkl\u00e4rer"},"content":{"rendered":"<p><a href=\"http:\/\/hebelbund.de\/wp-content\/uploads\/2018\/04\/schweizerreisebuchn.jpg\"><img loading=\"lazy\" decoding=\"async\" class=\"alignnone size-medium wp-image-1524\" src=\"http:\/\/hebelbund.de\/wp-content\/uploads\/2018\/04\/schweizerreisebuchn-241x300.jpg\" alt=\"\" width=\"241\" height=\"300\" srcset=\"https:\/\/hebelbund.de\/wp-content\/uploads\/2018\/04\/schweizerreisebuchn-241x300.jpg 241w, https:\/\/hebelbund.de\/wp-content\/uploads\/2018\/04\/schweizerreisebuchn.jpg 598w\" sizes=\"auto, (max-width: 241px) 100vw, 241px\" \/><\/a><\/p>\n<p>Bereits der 2010 erschienene Band 11 der Reihe L\u00f6rracher Hefte, &#8222;Johann Peter Hebel \u2013 Bewegter Geist, bewegtes Leben&#8220;, widmete sich ausf\u00fchrlich der Person Johann Peter Hebels. Jetzt stellt Band 26 Hebels Reise in die Schweiz 1805 vor. Das Buch gibt auf \u00fcber 150 Seiten den vollst\u00e4ndigen Text von Hebels Reiseaufzeichnungen wieder und bietet ausf\u00fchrliche Erl\u00e4uterungen des Hebel-Kenners Dr. Franz Littmann. Es enth\u00e4lt zahlreiche Abbildungen historischer Originale aus der Sammlung des Dreil\u00e4ndermuseums und Fotos von heute.<\/p>\n<p>L\u00f6rracher Hefte Nr. 26 (2018)<\/p>\n<p><strong>ISBN 978-3-922107-01-9<\/strong><\/p>\n","protected":false},"excerpt":{"rendered":"<p>Bereits der 2010 erschienene Band 11 der Reihe L\u00f6rracher Hefte, &#8222;Johann Peter Hebel \u2013 Bewegter Geist, bewegtes Leben&#8220;, widmete sich ausf\u00fchrlich der Person Johann Peter Hebels. Jetzt stellt Band 26 Hebels Reise in die Schweiz 1805 vor. Das Buch gibt auf \u00fcber 150 Seiten den vollst\u00e4ndigen Text von Hebels Reiseaufzeichnungen wieder und bietet ausf\u00fchrliche Erl\u00e4uterungen &hellip; <a href=\"https:\/\/hebelbund.de\/?p=1516\" class=\"more-link\">Continue reading <span class=\"screen-reader-text\">Schweizerreise \u2013 Johann Peter Hebel unterwegs als Aufkl\u00e4rer<\/span><\/a><\/p>\n","protected":false},"author":3,"featured_media":0,"comment_status":"closed","ping_status":"open","sticky":false,"template":"","format":"standard","meta":{"footnotes":""},"categories":[7],"tags":[],"class_list":["post-1516","post","type-post","status-publish","format-standard","hentry","category-literatur-ueber-j-p-hebel"],"_links":{"self":[{"href":"https:\/\/hebelbund.de\/index.php?rest_route=\/wp\/v2\/posts\/1516","targetHints":{"allow":["GET"]}}],"collection":[{"href":"https:\/\/hebelbund.de\/index.php?rest_route=\/wp\/v2\/posts"}],"about":[{"href":"https:\/\/hebelbund.de\/index.php?rest_route=\/wp\/v2\/types\/post"}],"author":[{"embeddable":true,"href":"https:\/\/hebelbund.de\/index.php?rest_route=\/wp\/v2\/users\/3"}],"replies":[{"embeddable":true,"href":"https:\/\/hebelbund.de\/index.php?rest_route=%2Fwp%2Fv2%2Fcomments&post=1516"}],"version-history":[{"count":5,"href":"https:\/\/hebelbund.de\/index.php?rest_route=\/wp\/v2\/posts\/1516\/revisions"}],"predecessor-version":[{"id":1525,"href":"https:\/\/hebelbund.de\/index.php?rest_route=\/wp\/v2\/posts\/1516\/revisions\/1525"}],"wp:attachment":[{"href":"https:\/\/hebelbund.de\/index.php?rest_route=%2Fwp%2Fv2%2Fmedia&parent=1516"}],"wp:term":[{"taxonomy":"category","embeddable":true,"href":"https:\/\/hebelbund.de\/index.php?rest_route=%2Fwp%2Fv2%2Fcategories&post=1516"},{"taxonomy":"post_tag","embeddable":true,"href":"https:\/\/hebelbund.de\/index.php?rest_route=%2Fwp%2Fv2%2Ftags&post=1516"}],"curies":[{"name":"wp","href":"https:\/\/api.w.org\/{rel}","templated":true}]}}