{"id":1530,"date":"2018-04-21T07:52:04","date_gmt":"2018-04-21T07:52:04","guid":{"rendered":"http:\/\/hebelbund.de\/?p=1530"},"modified":"2018-04-28T09:18:37","modified_gmt":"2018-04-28T09:18:37","slug":"viele-projekte-zu-hebel","status":"publish","type":"post","link":"https:\/\/hebelbund.de\/?p=1530","title":{"rendered":"Viele Projekte zu Hebel"},"content":{"rendered":"<p><strong>Schweizerreise\u00a0\u2502Buchvorstellung und Ausstellungser\u00f6ffnung<\/strong><\/p>\n<p>L\u00f6rrach. Das Dreil\u00e4ndermuseum hat als literarische Gedenkst\u00e4tte zu Johann Peter Hebel viele Projekte um den alemannischen Dichter durchgef\u00fchrt. Das neuste, das Kooperationsprojekt \u201eSchweizerreise\u201c, gemeinsam mit dem Hebelbund, startet offiziell am Mittwoch, 25. April, ab 19 Uhr im Hebelsaal. Das gleichnamige Buch und die neue Wanderausstellung dazu werden vorgestellt. Thema ist ein Reisebericht Johann Peter Hebels aus dem Jahr 1805, der interessante Einblicke in das damalige Reisen und die Schweiz in einer Umbruchsituation er\u00f6ffnet.\u00a0<span style=\"color: #ff0000;\"><strong>HB<\/strong><\/span><\/p>\n<p><a href=\"https:\/\/www.verlagshaus-jaumann.de\/inhalt.loerrach-viele-projekte-zu-hebel.48ccbaaf-46b5-45e8-9552-81b60d8d606d.html\" target=\"_blank\" rel=\"noopener\">mehr&gt;<\/a><\/p>\n","protected":false},"excerpt":{"rendered":"<p>Schweizerreise\u00a0\u2502Buchvorstellung und Ausstellungser\u00f6ffnung L\u00f6rrach. Das Dreil\u00e4ndermuseum hat als literarische Gedenkst\u00e4tte zu Johann Peter Hebel viele Projekte um den alemannischen Dichter durchgef\u00fchrt. Das neuste, das Kooperationsprojekt \u201eSchweizerreise\u201c, gemeinsam mit dem Hebelbund, startet offiziell am Mittwoch, 25. April, ab 19 Uhr im Hebelsaal. Das gleichnamige Buch und die neue Wanderausstellung dazu werden vorgestellt. Thema ist ein Reisebericht &hellip; <a href=\"https:\/\/hebelbund.de\/?p=1530\" class=\"more-link\">Continue reading <span class=\"screen-reader-text\">Viele Projekte zu Hebel<\/span><\/a><\/p>\n","protected":false},"author":3,"featured_media":0,"comment_status":"closed","ping_status":"open","sticky":false,"template":"","format":"standard","meta":{"footnotes":""},"categories":[13],"tags":[],"class_list":["post-1530","post","type-post","status-publish","format-standard","hentry","category-presse-aktuell"],"_links":{"self":[{"href":"https:\/\/hebelbund.de\/index.php?rest_route=\/wp\/v2\/posts\/1530","targetHints":{"allow":["GET"]}}],"collection":[{"href":"https:\/\/hebelbund.de\/index.php?rest_route=\/wp\/v2\/posts"}],"about":[{"href":"https:\/\/hebelbund.de\/index.php?rest_route=\/wp\/v2\/types\/post"}],"author":[{"embeddable":true,"href":"https:\/\/hebelbund.de\/index.php?rest_route=\/wp\/v2\/users\/3"}],"replies":[{"embeddable":true,"href":"https:\/\/hebelbund.de\/index.php?rest_route=%2Fwp%2Fv2%2Fcomments&post=1530"}],"version-history":[{"count":2,"href":"https:\/\/hebelbund.de\/index.php?rest_route=\/wp\/v2\/posts\/1530\/revisions"}],"predecessor-version":[{"id":1545,"href":"https:\/\/hebelbund.de\/index.php?rest_route=\/wp\/v2\/posts\/1530\/revisions\/1545"}],"wp:attachment":[{"href":"https:\/\/hebelbund.de\/index.php?rest_route=%2Fwp%2Fv2%2Fmedia&parent=1530"}],"wp:term":[{"taxonomy":"category","embeddable":true,"href":"https:\/\/hebelbund.de\/index.php?rest_route=%2Fwp%2Fv2%2Fcategories&post=1530"},{"taxonomy":"post_tag","embeddable":true,"href":"https:\/\/hebelbund.de\/index.php?rest_route=%2Fwp%2Fv2%2Ftags&post=1530"}],"curies":[{"name":"wp","href":"https:\/\/api.w.org\/{rel}","templated":true}]}}