{"id":1537,"date":"2018-04-27T07:33:25","date_gmt":"2018-04-27T07:33:25","guid":{"rendered":"http:\/\/hebelbund.de\/?p=1537"},"modified":"2018-04-28T09:17:19","modified_gmt":"2018-04-28T09:17:19","slug":"eine-reise-auf-hebels-spuren","status":"publish","type":"post","link":"https:\/\/hebelbund.de\/?p=1537","title":{"rendered":"Eine Reise auf Hebels Spuren"},"content":{"rendered":"<p><strong>Buchvorstellung \/ L\u00f6rracher Heft: &#8222;Schweizerreise&#8220; &#8211; Johann Peter Hebel unterwegs als &#8222;Aufkl\u00e4rer&#8220; erschienen<\/strong><\/p>\n<p>Jetzt ist endlich Johann Peter Hebels Bericht \u00fcber seine Schweizerreise von 1805 in einer beachtlichen Publikation erschienen. Er geh\u00f6rt zu den \u201ebekannten unbekannten Texten\u201c, wie Volker Habermaier, Pr\u00e4sident des Hebelbundes, bei der Buchvorstellung mit begleitender Ausstellung am Mittwoch im Hebelsaal des Dreil\u00e4ndermuseums sagte. <span style=\"color: #ff0000;\"><strong>HB<\/strong><\/span><\/p>\n<p><a href=\"https:\/\/www.verlagshaus-jaumann.de\/inhalt.loerrach-eine-reise-auf-hebels-spuren.84a6464f-4a60-49ab-b4ea-85b2a4b8aaaf.html\" target=\"_blank\" rel=\"noopener\">mehr&gt;<\/a><\/p>\n","protected":false},"excerpt":{"rendered":"<p>Buchvorstellung \/ L\u00f6rracher Heft: &#8222;Schweizerreise&#8220; &#8211; Johann Peter Hebel unterwegs als &#8222;Aufkl\u00e4rer&#8220; erschienen Jetzt ist endlich Johann Peter Hebels Bericht \u00fcber seine Schweizerreise von 1805 in einer beachtlichen Publikation erschienen. Er geh\u00f6rt zu den \u201ebekannten unbekannten Texten\u201c, wie Volker Habermaier, Pr\u00e4sident des Hebelbundes, bei der Buchvorstellung mit begleitender Ausstellung am Mittwoch im Hebelsaal des Dreil\u00e4ndermuseums &hellip; <a href=\"https:\/\/hebelbund.de\/?p=1537\" class=\"more-link\">Continue reading <span class=\"screen-reader-text\">Eine Reise auf Hebels Spuren<\/span><\/a><\/p>\n","protected":false},"author":3,"featured_media":0,"comment_status":"closed","ping_status":"open","sticky":false,"template":"","format":"standard","meta":{"footnotes":""},"categories":[13],"tags":[],"class_list":["post-1537","post","type-post","status-publish","format-standard","hentry","category-presse-aktuell"],"_links":{"self":[{"href":"https:\/\/hebelbund.de\/index.php?rest_route=\/wp\/v2\/posts\/1537","targetHints":{"allow":["GET"]}}],"collection":[{"href":"https:\/\/hebelbund.de\/index.php?rest_route=\/wp\/v2\/posts"}],"about":[{"href":"https:\/\/hebelbund.de\/index.php?rest_route=\/wp\/v2\/types\/post"}],"author":[{"embeddable":true,"href":"https:\/\/hebelbund.de\/index.php?rest_route=\/wp\/v2\/users\/3"}],"replies":[{"embeddable":true,"href":"https:\/\/hebelbund.de\/index.php?rest_route=%2Fwp%2Fv2%2Fcomments&post=1537"}],"version-history":[{"count":2,"href":"https:\/\/hebelbund.de\/index.php?rest_route=\/wp\/v2\/posts\/1537\/revisions"}],"predecessor-version":[{"id":1542,"href":"https:\/\/hebelbund.de\/index.php?rest_route=\/wp\/v2\/posts\/1537\/revisions\/1542"}],"wp:attachment":[{"href":"https:\/\/hebelbund.de\/index.php?rest_route=%2Fwp%2Fv2%2Fmedia&parent=1537"}],"wp:term":[{"taxonomy":"category","embeddable":true,"href":"https:\/\/hebelbund.de\/index.php?rest_route=%2Fwp%2Fv2%2Fcategories&post=1537"},{"taxonomy":"post_tag","embeddable":true,"href":"https:\/\/hebelbund.de\/index.php?rest_route=%2Fwp%2Fv2%2Ftags&post=1537"}],"curies":[{"name":"wp","href":"https:\/\/api.w.org\/{rel}","templated":true}]}}