{"id":1561,"date":"2018-05-03T07:37:42","date_gmt":"2018-05-03T07:37:42","guid":{"rendered":"http:\/\/hebelbund.de\/?p=1561"},"modified":"2018-05-03T07:38:08","modified_gmt":"2018-05-03T07:38:08","slug":"johann-peter-hebels-schweizerreise","status":"publish","type":"post","link":"https:\/\/hebelbund.de\/?p=1561","title":{"rendered":"Johann Peter Hebels Schweizerreise"},"content":{"rendered":"<p><strong>Reisetagebuch 1805 brachte der Aufkl\u00e4rer zwei jungen Baronen die demokratische Eidgenossenschaft n\u00e4her<\/strong><\/p>\n<p>Wie viele andere aufgekl\u00e4rte Europ\u00e4er bewunderte Johann Peter Hebel die Schweiz als Hort der Demokratie und Freiheit. Als er den Auftrag erhielt, mit den beiden jungen Baronen Christian Ernst und Carl Peter von und zu Mentzingen eine Bildungsreise zu unternehmen, w\u00e4hlte er die Schweiz. Sie war f\u00fcr ihn \u00abein Seminarium f\u00fcr eine bessere Zeit der Nationen.\u00bb <span style=\"color: #ff0000;\"><strong>HB<\/strong><\/span><\/p>\n<p><a href=\"http:\/\/hebelbund.de\/wp-content\/uploads\/2018\/05\/180502nws.pdf\" target=\"_blank\" rel=\"noopener\">mehr&gt;<\/a><\/p>\n","protected":false},"excerpt":{"rendered":"<p>Reisetagebuch 1805 brachte der Aufkl\u00e4rer zwei jungen Baronen die demokratische Eidgenossenschaft n\u00e4her Wie viele andere aufgekl\u00e4rte Europ\u00e4er bewunderte Johann Peter Hebel die Schweiz als Hort der Demokratie und Freiheit. Als er den Auftrag erhielt, mit den beiden jungen Baronen Christian Ernst und Carl Peter von und zu Mentzingen eine Bildungsreise zu unternehmen, w\u00e4hlte er die &hellip; <a href=\"https:\/\/hebelbund.de\/?p=1561\" class=\"more-link\">Continue reading <span class=\"screen-reader-text\">Johann Peter Hebels Schweizerreise<\/span><\/a><\/p>\n","protected":false},"author":3,"featured_media":0,"comment_status":"closed","ping_status":"open","sticky":false,"template":"","format":"standard","meta":{"footnotes":""},"categories":[13],"tags":[],"class_list":["post-1561","post","type-post","status-publish","format-standard","hentry","category-presse-aktuell"],"_links":{"self":[{"href":"https:\/\/hebelbund.de\/index.php?rest_route=\/wp\/v2\/posts\/1561","targetHints":{"allow":["GET"]}}],"collection":[{"href":"https:\/\/hebelbund.de\/index.php?rest_route=\/wp\/v2\/posts"}],"about":[{"href":"https:\/\/hebelbund.de\/index.php?rest_route=\/wp\/v2\/types\/post"}],"author":[{"embeddable":true,"href":"https:\/\/hebelbund.de\/index.php?rest_route=\/wp\/v2\/users\/3"}],"replies":[{"embeddable":true,"href":"https:\/\/hebelbund.de\/index.php?rest_route=%2Fwp%2Fv2%2Fcomments&post=1561"}],"version-history":[{"count":2,"href":"https:\/\/hebelbund.de\/index.php?rest_route=\/wp\/v2\/posts\/1561\/revisions"}],"predecessor-version":[{"id":1563,"href":"https:\/\/hebelbund.de\/index.php?rest_route=\/wp\/v2\/posts\/1561\/revisions\/1563"}],"wp:attachment":[{"href":"https:\/\/hebelbund.de\/index.php?rest_route=%2Fwp%2Fv2%2Fmedia&parent=1561"}],"wp:term":[{"taxonomy":"category","embeddable":true,"href":"https:\/\/hebelbund.de\/index.php?rest_route=%2Fwp%2Fv2%2Fcategories&post=1561"},{"taxonomy":"post_tag","embeddable":true,"href":"https:\/\/hebelbund.de\/index.php?rest_route=%2Fwp%2Fv2%2Ftags&post=1561"}],"curies":[{"name":"wp","href":"https:\/\/api.w.org\/{rel}","templated":true}]}}