{"id":1574,"date":"2018-05-07T06:42:10","date_gmt":"2018-05-07T06:42:10","guid":{"rendered":"http:\/\/hebelbund.de\/?p=1574"},"modified":"2018-05-07T06:42:10","modified_gmt":"2018-05-07T06:42:10","slug":"hebeldank-an-markus-moehring","status":"publish","type":"post","link":"https:\/\/hebelbund.de\/?p=1574","title":{"rendered":"Hebeldank an Markus Moehring"},"content":{"rendered":"<p>Schatzk\u00e4stlein \/ Hohe Auszeichnung f\u00fcr Museumsleiter \/ Lutz: &#8222;Mehr als verdient&#8220;<\/p>\n<p>Von Peter Ade<\/p>\n<p>L\u00f6rrach. Gro\u00dfe Ehre f\u00fcr Markus Moehring: Am Sonntag wurde er im Rahmen des \u201eSchatzk\u00e4stlein\u201c mit dem Hebeldank des Hebelbundes ausgezeichnet. Pr\u00e4sident Volker Habermaier w\u00fcrdigte den Leiter des Dreil\u00e4ndermuseums. Er habe dem Haus einen exzellenten Ruf als literarische Gedenkst\u00e4tte zu Johann Peter Hebel gesichert.\u00a0 <span style=\"color: #ff0000;\"><strong>HB<\/strong><\/span><\/p>\n<p><a href=\"https:\/\/www.verlagshaus-jaumann.de\/inhalt.loerrach-hebeldank-an-markus-moehring.9880a1b2-0b1a-4f4f-95a3-66853131aaff.html\" target=\"_blank\" rel=\"noopener\">mehr&gt;<\/a><\/p>\n","protected":false},"excerpt":{"rendered":"<p>Schatzk\u00e4stlein \/ Hohe Auszeichnung f\u00fcr Museumsleiter \/ Lutz: &#8222;Mehr als verdient&#8220; Von Peter Ade L\u00f6rrach. Gro\u00dfe Ehre f\u00fcr Markus Moehring: Am Sonntag wurde er im Rahmen des \u201eSchatzk\u00e4stlein\u201c mit dem Hebeldank des Hebelbundes ausgezeichnet. Pr\u00e4sident Volker Habermaier w\u00fcrdigte den Leiter des Dreil\u00e4ndermuseums. Er habe dem Haus einen exzellenten Ruf als literarische Gedenkst\u00e4tte zu Johann Peter &hellip; <a href=\"https:\/\/hebelbund.de\/?p=1574\" class=\"more-link\">Continue reading <span class=\"screen-reader-text\">Hebeldank an Markus Moehring<\/span><\/a><\/p>\n","protected":false},"author":3,"featured_media":0,"comment_status":"closed","ping_status":"open","sticky":false,"template":"","format":"standard","meta":{"footnotes":""},"categories":[13],"tags":[],"class_list":["post-1574","post","type-post","status-publish","format-standard","hentry","category-presse-aktuell"],"_links":{"self":[{"href":"https:\/\/hebelbund.de\/index.php?rest_route=\/wp\/v2\/posts\/1574","targetHints":{"allow":["GET"]}}],"collection":[{"href":"https:\/\/hebelbund.de\/index.php?rest_route=\/wp\/v2\/posts"}],"about":[{"href":"https:\/\/hebelbund.de\/index.php?rest_route=\/wp\/v2\/types\/post"}],"author":[{"embeddable":true,"href":"https:\/\/hebelbund.de\/index.php?rest_route=\/wp\/v2\/users\/3"}],"replies":[{"embeddable":true,"href":"https:\/\/hebelbund.de\/index.php?rest_route=%2Fwp%2Fv2%2Fcomments&post=1574"}],"version-history":[{"count":1,"href":"https:\/\/hebelbund.de\/index.php?rest_route=\/wp\/v2\/posts\/1574\/revisions"}],"predecessor-version":[{"id":1575,"href":"https:\/\/hebelbund.de\/index.php?rest_route=\/wp\/v2\/posts\/1574\/revisions\/1575"}],"wp:attachment":[{"href":"https:\/\/hebelbund.de\/index.php?rest_route=%2Fwp%2Fv2%2Fmedia&parent=1574"}],"wp:term":[{"taxonomy":"category","embeddable":true,"href":"https:\/\/hebelbund.de\/index.php?rest_route=%2Fwp%2Fv2%2Fcategories&post=1574"},{"taxonomy":"post_tag","embeddable":true,"href":"https:\/\/hebelbund.de\/index.php?rest_route=%2Fwp%2Fv2%2Ftags&post=1574"}],"curies":[{"name":"wp","href":"https:\/\/api.w.org\/{rel}","templated":true}]}}