{"id":1578,"date":"2018-05-07T05:36:53","date_gmt":"2018-05-07T05:36:53","guid":{"rendered":"http:\/\/hebelbund.de\/?p=1578"},"modified":"2018-05-07T07:44:16","modified_gmt":"2018-05-07T07:44:16","slug":"hebel-plakette-fuer-hansjoerg-noe","status":"publish","type":"post","link":"https:\/\/hebelbund.de\/?p=1578","title":{"rendered":"Hebel-Plakette f\u00fcr Hansj\u00f6rg Noe"},"content":{"rendered":"<p>Hansj\u00f6rg Noe ist der Tr\u00e4ger der Johann-Peter-Hebel-Gedenkplakette 2018. Hausens B\u00fcrgermeister Martin B\u00fchler \u00fcberreichte ihm die Auszeichnung am Samstag beim Hebelabend. Durch das Programm f\u00fchrten Katrin Behringer und Attila Saadaoui.<\/p>\n<p><a href=\"https:\/\/www.verlagshaus-jaumann.de\/inhalt.hausen-im-wiesental-hebel-plakette-fuer-hansjoerg-noe.f6306b1a-52c9-4acd-a1f2-d539ed47f062.html\" target=\"_blank\" rel=\"noopener\">mehr&gt;<\/a><\/p>\n","protected":false},"excerpt":{"rendered":"<p>Hansj\u00f6rg Noe ist der Tr\u00e4ger der Johann-Peter-Hebel-Gedenkplakette 2018. Hausens B\u00fcrgermeister Martin B\u00fchler \u00fcberreichte ihm die Auszeichnung am Samstag beim Hebelabend. Durch das Programm f\u00fchrten Katrin Behringer und Attila Saadaoui. mehr&gt;<\/p>\n","protected":false},"author":3,"featured_media":0,"comment_status":"closed","ping_status":"open","sticky":false,"template":"","format":"standard","meta":{"footnotes":""},"categories":[13],"tags":[],"class_list":["post-1578","post","type-post","status-publish","format-standard","hentry","category-presse-aktuell"],"_links":{"self":[{"href":"https:\/\/hebelbund.de\/index.php?rest_route=\/wp\/v2\/posts\/1578","targetHints":{"allow":["GET"]}}],"collection":[{"href":"https:\/\/hebelbund.de\/index.php?rest_route=\/wp\/v2\/posts"}],"about":[{"href":"https:\/\/hebelbund.de\/index.php?rest_route=\/wp\/v2\/types\/post"}],"author":[{"embeddable":true,"href":"https:\/\/hebelbund.de\/index.php?rest_route=\/wp\/v2\/users\/3"}],"replies":[{"embeddable":true,"href":"https:\/\/hebelbund.de\/index.php?rest_route=%2Fwp%2Fv2%2Fcomments&post=1578"}],"version-history":[{"count":1,"href":"https:\/\/hebelbund.de\/index.php?rest_route=\/wp\/v2\/posts\/1578\/revisions"}],"predecessor-version":[{"id":1579,"href":"https:\/\/hebelbund.de\/index.php?rest_route=\/wp\/v2\/posts\/1578\/revisions\/1579"}],"wp:attachment":[{"href":"https:\/\/hebelbund.de\/index.php?rest_route=%2Fwp%2Fv2%2Fmedia&parent=1578"}],"wp:term":[{"taxonomy":"category","embeddable":true,"href":"https:\/\/hebelbund.de\/index.php?rest_route=%2Fwp%2Fv2%2Fcategories&post=1578"},{"taxonomy":"post_tag","embeddable":true,"href":"https:\/\/hebelbund.de\/index.php?rest_route=%2Fwp%2Fv2%2Ftags&post=1578"}],"curies":[{"name":"wp","href":"https:\/\/api.w.org\/{rel}","templated":true}]}}