{"id":1580,"date":"2018-05-07T05:40:36","date_gmt":"2018-05-07T05:40:36","guid":{"rendered":"http:\/\/hebelbund.de\/?p=1580"},"modified":"2018-05-07T07:43:48","modified_gmt":"2018-05-07T07:43:48","slug":"ein-politischer-plakettentraeger","status":"publish","type":"post","link":"https:\/\/hebelbund.de\/?p=1580","title":{"rendered":"Ein politischer Plakettentr\u00e4ger"},"content":{"rendered":"<p><strong>Hebelgedenkplakette an Hansj\u00f6rg Noe f\u00fcr seine Arbeit in Sachen Aufarbeitung der NS-Zeit in L\u00f6rrach, Steinen und Maulburg.<\/strong><\/p>\n<p><span class=\"ngSpitzmarke\">HAUSEN.<\/span>\u00a0P\u00e4dagoge, ehemaliger Leiter des L\u00f6rracher Schulamtes, und vor allem aufkl\u00e4rerischer Historiker, der sich um die Aufarbeitung des Nationalsozialismus (NS) in der Region verdient gemacht hat: Hansj\u00f6rg Noe erhielt am Samstag im Rahmen des Hebelabends die 59. Johann-Peter-Hebel-Gedenkplakette der Gemeinde Hausen. In Person und Arbeit des Ausgezeichneten, in dessen Dankesworten wie in der Laudatio bekam die Traditionsveranstaltung &#8222;Hebelabend&#8220; einen ungewohnt aktuellen politischen Bezug.<\/p>\n<p><a href=\"http:\/\/www.badische-zeitung.de\/hausen-im-wiesental\/ein-politischer-plakettentraeger\" target=\"_blank\" rel=\"noopener\">mehr&gt;<\/a><\/p>\n","protected":false},"excerpt":{"rendered":"<p>Hebelgedenkplakette an Hansj\u00f6rg Noe f\u00fcr seine Arbeit in Sachen Aufarbeitung der NS-Zeit in L\u00f6rrach, Steinen und Maulburg. HAUSEN.\u00a0P\u00e4dagoge, ehemaliger Leiter des L\u00f6rracher Schulamtes, und vor allem aufkl\u00e4rerischer Historiker, der sich um die Aufarbeitung des Nationalsozialismus (NS) in der Region verdient gemacht hat: Hansj\u00f6rg Noe erhielt am Samstag im Rahmen des Hebelabends die 59. Johann-Peter-Hebel-Gedenkplakette der &hellip; <a href=\"https:\/\/hebelbund.de\/?p=1580\" class=\"more-link\">Continue reading <span class=\"screen-reader-text\">Ein politischer Plakettentr\u00e4ger<\/span><\/a><\/p>\n","protected":false},"author":3,"featured_media":0,"comment_status":"closed","ping_status":"open","sticky":false,"template":"","format":"standard","meta":{"footnotes":""},"categories":[13,1],"tags":[],"class_list":["post-1580","post","type-post","status-publish","format-standard","hentry","category-presse-aktuell","category-uncategorized"],"_links":{"self":[{"href":"https:\/\/hebelbund.de\/index.php?rest_route=\/wp\/v2\/posts\/1580","targetHints":{"allow":["GET"]}}],"collection":[{"href":"https:\/\/hebelbund.de\/index.php?rest_route=\/wp\/v2\/posts"}],"about":[{"href":"https:\/\/hebelbund.de\/index.php?rest_route=\/wp\/v2\/types\/post"}],"author":[{"embeddable":true,"href":"https:\/\/hebelbund.de\/index.php?rest_route=\/wp\/v2\/users\/3"}],"replies":[{"embeddable":true,"href":"https:\/\/hebelbund.de\/index.php?rest_route=%2Fwp%2Fv2%2Fcomments&post=1580"}],"version-history":[{"count":1,"href":"https:\/\/hebelbund.de\/index.php?rest_route=\/wp\/v2\/posts\/1580\/revisions"}],"predecessor-version":[{"id":1581,"href":"https:\/\/hebelbund.de\/index.php?rest_route=\/wp\/v2\/posts\/1580\/revisions\/1581"}],"wp:attachment":[{"href":"https:\/\/hebelbund.de\/index.php?rest_route=%2Fwp%2Fv2%2Fmedia&parent=1580"}],"wp:term":[{"taxonomy":"category","embeddable":true,"href":"https:\/\/hebelbund.de\/index.php?rest_route=%2Fwp%2Fv2%2Fcategories&post=1580"},{"taxonomy":"post_tag","embeddable":true,"href":"https:\/\/hebelbund.de\/index.php?rest_route=%2Fwp%2Fv2%2Ftags&post=1580"}],"curies":[{"name":"wp","href":"https:\/\/api.w.org\/{rel}","templated":true}]}}