{"id":1582,"date":"2018-05-08T07:35:23","date_gmt":"2018-05-08T07:35:23","guid":{"rendered":"http:\/\/hebelbund.de\/?p=1582"},"modified":"2018-05-08T07:35:23","modified_gmt":"2018-05-08T07:35:23","slug":"christoph-meckel-erhaelt-in-hausen-den-hebel-preis","status":"publish","type":"post","link":"https:\/\/hebelbund.de\/?p=1582","title":{"rendered":"Christoph Meckel erh\u00e4lt in Hausen den Hebel-Preis"},"content":{"rendered":"<p><strong>Er erlebt eine sp\u00e4te Bl\u00fcte: Der Freiburger Dichter und Grafiker Christoph Meckel erh\u00e4lt im Alter von 82 Jahren in Hausen den Johann-Peter-Hebel-Preis.<\/strong><\/p>\n<p>Es ist, wenn man das so sagen darf, die Zeit der Ernte. Sie h\u00e4lt seit einigen Jahren an. Ende 2011 legte der Freiburger Modo Verlag den 2000 Radierungen umfassenden Zyklus der &#8222;Weltkom\u00f6die&#8220; vor: Ein Lebenswerk w\u00e4re es f\u00fcr viele, ein umfangreiches, doch bei Christoph Meckel macht dieser opulente Zyklus nur die eine H\u00e4lfte der k\u00fcnstlerischen Ausbeute eines jetzt fast 83 Jahre w\u00e4hrenden Lebens aus.<\/p>\n<p><a href=\"http:\/\/www.badische-zeitung.de\/kommentare-1\/der-unbestechliche-x3x--152379885.html\" target=\"_blank\" rel=\"noopener\">mehr&gt;<\/a><\/p>\n","protected":false},"excerpt":{"rendered":"<p>Er erlebt eine sp\u00e4te Bl\u00fcte: Der Freiburger Dichter und Grafiker Christoph Meckel erh\u00e4lt im Alter von 82 Jahren in Hausen den Johann-Peter-Hebel-Preis. Es ist, wenn man das so sagen darf, die Zeit der Ernte. Sie h\u00e4lt seit einigen Jahren an. Ende 2011 legte der Freiburger Modo Verlag den 2000 Radierungen umfassenden Zyklus der &#8222;Weltkom\u00f6die&#8220; vor: &hellip; <a href=\"https:\/\/hebelbund.de\/?p=1582\" class=\"more-link\">Continue reading <span class=\"screen-reader-text\">Christoph Meckel erh\u00e4lt in Hausen den Hebel-Preis<\/span><\/a><\/p>\n","protected":false},"author":3,"featured_media":0,"comment_status":"closed","ping_status":"open","sticky":false,"template":"","format":"standard","meta":{"footnotes":""},"categories":[13],"tags":[],"class_list":["post-1582","post","type-post","status-publish","format-standard","hentry","category-presse-aktuell"],"_links":{"self":[{"href":"https:\/\/hebelbund.de\/index.php?rest_route=\/wp\/v2\/posts\/1582","targetHints":{"allow":["GET"]}}],"collection":[{"href":"https:\/\/hebelbund.de\/index.php?rest_route=\/wp\/v2\/posts"}],"about":[{"href":"https:\/\/hebelbund.de\/index.php?rest_route=\/wp\/v2\/types\/post"}],"author":[{"embeddable":true,"href":"https:\/\/hebelbund.de\/index.php?rest_route=\/wp\/v2\/users\/3"}],"replies":[{"embeddable":true,"href":"https:\/\/hebelbund.de\/index.php?rest_route=%2Fwp%2Fv2%2Fcomments&post=1582"}],"version-history":[{"count":1,"href":"https:\/\/hebelbund.de\/index.php?rest_route=\/wp\/v2\/posts\/1582\/revisions"}],"predecessor-version":[{"id":1583,"href":"https:\/\/hebelbund.de\/index.php?rest_route=\/wp\/v2\/posts\/1582\/revisions\/1583"}],"wp:attachment":[{"href":"https:\/\/hebelbund.de\/index.php?rest_route=%2Fwp%2Fv2%2Fmedia&parent=1582"}],"wp:term":[{"taxonomy":"category","embeddable":true,"href":"https:\/\/hebelbund.de\/index.php?rest_route=%2Fwp%2Fv2%2Fcategories&post=1582"},{"taxonomy":"post_tag","embeddable":true,"href":"https:\/\/hebelbund.de\/index.php?rest_route=%2Fwp%2Fv2%2Ftags&post=1582"}],"curies":[{"name":"wp","href":"https:\/\/api.w.org\/{rel}","templated":true}]}}