{"id":1622,"date":"2018-05-11T08:39:50","date_gmt":"2018-05-11T08:39:50","guid":{"rendered":"http:\/\/hebelbund.de\/?p=1622"},"modified":"2018-05-11T08:39:50","modified_gmt":"2018-05-11T08:39:50","slug":"freudig-stuendli-auch-im-regen","status":"publish","type":"post","link":"https:\/\/hebelbund.de\/?p=1622","title":{"rendered":"&#8222;Freudig St\u00fcndli&#8220; auch im Regen"},"content":{"rendered":"<p><strong>Eindr\u00fccke vom Hebelfest<\/strong><\/p>\n<p>Vom regnerischen Wetter lie\u00dfen sich am Donnerstag die vielen G\u00e4ste, die ins Hebeldorf gekommen waren, die Freude an den Feiern zu Johann Peter Hebels Geburtstag nicht verderben. Nach der Devise &#8222;E freudig St\u00fcndli, ischs nit e F\u00fcndli&#8220; vers\u00fc\u00dfte die Hebelmusik bei ihrem musikalischen Morgenspaziergang den Einwohnern das Fr\u00fchst\u00fcck.<\/p>\n<p><a href=\"http:\/\/www.badische-zeitung.de\/schopfheim\/freudig-stuendli-auch-im-regen--152484267.html\" target=\"_blank\" rel=\"noopener\">mehr&gt;<\/a><\/p>\n","protected":false},"excerpt":{"rendered":"<p>Eindr\u00fccke vom Hebelfest Vom regnerischen Wetter lie\u00dfen sich am Donnerstag die vielen G\u00e4ste, die ins Hebeldorf gekommen waren, die Freude an den Feiern zu Johann Peter Hebels Geburtstag nicht verderben. Nach der Devise &#8222;E freudig St\u00fcndli, ischs nit e F\u00fcndli&#8220; vers\u00fc\u00dfte die Hebelmusik bei ihrem musikalischen Morgenspaziergang den Einwohnern das Fr\u00fchst\u00fcck. mehr&gt;<\/p>\n","protected":false},"author":3,"featured_media":0,"comment_status":"closed","ping_status":"open","sticky":false,"template":"","format":"standard","meta":{"footnotes":""},"categories":[13],"tags":[],"class_list":["post-1622","post","type-post","status-publish","format-standard","hentry","category-presse-aktuell"],"_links":{"self":[{"href":"https:\/\/hebelbund.de\/index.php?rest_route=\/wp\/v2\/posts\/1622","targetHints":{"allow":["GET"]}}],"collection":[{"href":"https:\/\/hebelbund.de\/index.php?rest_route=\/wp\/v2\/posts"}],"about":[{"href":"https:\/\/hebelbund.de\/index.php?rest_route=\/wp\/v2\/types\/post"}],"author":[{"embeddable":true,"href":"https:\/\/hebelbund.de\/index.php?rest_route=\/wp\/v2\/users\/3"}],"replies":[{"embeddable":true,"href":"https:\/\/hebelbund.de\/index.php?rest_route=%2Fwp%2Fv2%2Fcomments&post=1622"}],"version-history":[{"count":1,"href":"https:\/\/hebelbund.de\/index.php?rest_route=\/wp\/v2\/posts\/1622\/revisions"}],"predecessor-version":[{"id":1623,"href":"https:\/\/hebelbund.de\/index.php?rest_route=\/wp\/v2\/posts\/1622\/revisions\/1623"}],"wp:attachment":[{"href":"https:\/\/hebelbund.de\/index.php?rest_route=%2Fwp%2Fv2%2Fmedia&parent=1622"}],"wp:term":[{"taxonomy":"category","embeddable":true,"href":"https:\/\/hebelbund.de\/index.php?rest_route=%2Fwp%2Fv2%2Fcategories&post=1622"},{"taxonomy":"post_tag","embeddable":true,"href":"https:\/\/hebelbund.de\/index.php?rest_route=%2Fwp%2Fv2%2Ftags&post=1622"}],"curies":[{"name":"wp","href":"https:\/\/api.w.org\/{rel}","templated":true}]}}