{"id":1635,"date":"2018-06-01T07:49:26","date_gmt":"2018-06-01T07:49:26","guid":{"rendered":"http:\/\/hebelbund.de\/?p=1635"},"modified":"2018-06-01T07:49:26","modified_gmt":"2018-06-01T07:49:26","slug":"der-uropa-baute-die-kirche","status":"publish","type":"post","link":"https:\/\/hebelbund.de\/?p=1635","title":{"rendered":"Der Uropa baute die Kirche"},"content":{"rendered":"<p><strong>Hebelpreistr\u00e4ger Christoph Meckel hat \u00fcber seinen Urgro\u00dfvater Max eine Verbindung nach Hausen.<\/strong><\/p>\n<p><span class=\"ngSpitzmarke\">HAUSEN.<\/span>\u00a0Der diesj\u00e4hrige Hebelpreistr\u00e4ger Christoph Meckel und sein Urgro\u00dfvater Max Meckel haben jeweils eine besondere Verbindung zur Gemeinde Hausen im Wiesental. Der Architekt Max Meckel (1847 bis 1910), eine der herausragenden Pers\u00f6nlichkeiten in der Architekturgeschichte des Deutschen Reiches, legte 1892 den Bauplan f\u00fcr die katholische Kirche St. Josef in Hausen vor.<\/p>\n<p><a href=\"http:\/\/www.badische-zeitung.de\/hausen-im-wiesental\/der-uropa-baute-die-kirche--153149839.html\" target=\"_blank\" rel=\"noopener\">mehr&gt;<\/a><\/p>\n","protected":false},"excerpt":{"rendered":"<p>Hebelpreistr\u00e4ger Christoph Meckel hat \u00fcber seinen Urgro\u00dfvater Max eine Verbindung nach Hausen. HAUSEN.\u00a0Der diesj\u00e4hrige Hebelpreistr\u00e4ger Christoph Meckel und sein Urgro\u00dfvater Max Meckel haben jeweils eine besondere Verbindung zur Gemeinde Hausen im Wiesental. Der Architekt Max Meckel (1847 bis 1910), eine der herausragenden Pers\u00f6nlichkeiten in der Architekturgeschichte des Deutschen Reiches, legte 1892 den Bauplan f\u00fcr die &hellip; <a href=\"https:\/\/hebelbund.de\/?p=1635\" class=\"more-link\">Continue reading <span class=\"screen-reader-text\">Der Uropa baute die Kirche<\/span><\/a><\/p>\n","protected":false},"author":3,"featured_media":0,"comment_status":"closed","ping_status":"open","sticky":false,"template":"","format":"standard","meta":{"footnotes":""},"categories":[13],"tags":[],"class_list":["post-1635","post","type-post","status-publish","format-standard","hentry","category-presse-aktuell"],"_links":{"self":[{"href":"https:\/\/hebelbund.de\/index.php?rest_route=\/wp\/v2\/posts\/1635","targetHints":{"allow":["GET"]}}],"collection":[{"href":"https:\/\/hebelbund.de\/index.php?rest_route=\/wp\/v2\/posts"}],"about":[{"href":"https:\/\/hebelbund.de\/index.php?rest_route=\/wp\/v2\/types\/post"}],"author":[{"embeddable":true,"href":"https:\/\/hebelbund.de\/index.php?rest_route=\/wp\/v2\/users\/3"}],"replies":[{"embeddable":true,"href":"https:\/\/hebelbund.de\/index.php?rest_route=%2Fwp%2Fv2%2Fcomments&post=1635"}],"version-history":[{"count":1,"href":"https:\/\/hebelbund.de\/index.php?rest_route=\/wp\/v2\/posts\/1635\/revisions"}],"predecessor-version":[{"id":1636,"href":"https:\/\/hebelbund.de\/index.php?rest_route=\/wp\/v2\/posts\/1635\/revisions\/1636"}],"wp:attachment":[{"href":"https:\/\/hebelbund.de\/index.php?rest_route=%2Fwp%2Fv2%2Fmedia&parent=1635"}],"wp:term":[{"taxonomy":"category","embeddable":true,"href":"https:\/\/hebelbund.de\/index.php?rest_route=%2Fwp%2Fv2%2Fcategories&post=1635"},{"taxonomy":"post_tag","embeddable":true,"href":"https:\/\/hebelbund.de\/index.php?rest_route=%2Fwp%2Fv2%2Ftags&post=1635"}],"curies":[{"name":"wp","href":"https:\/\/api.w.org\/{rel}","templated":true}]}}