{"id":1639,"date":"2018-06-04T07:56:29","date_gmt":"2018-06-04T07:56:29","guid":{"rendered":"http:\/\/hebelbund.de\/?p=1639"},"modified":"2018-06-04T07:56:29","modified_gmt":"2018-06-04T07:56:29","slug":"einen-sonnenaufgang-zu-viel-verschlafen","status":"publish","type":"post","link":"https:\/\/hebelbund.de\/?p=1639","title":{"rendered":"Einen Sonnenaufgang zu viel verschlafen"},"content":{"rendered":"<p><strong>Literarisch-musikalische Reise zu &#8222;Schweizerreise. Johann Peter Hebel unterwegs als Aufkl\u00e4rer&#8220;.<\/strong><\/p>\n<p><span class=\"ngSpitzmarke\">L\u00d6RRACH.<\/span>\u00a0Vergn\u00fcglicher h\u00e4tte sich die literarische Schweizerreise mit Musik, zu der der Hebelbund gestern ins L\u00f6rracher Dreil\u00e4ndermuseum eingeladen hatte, kaum einleiten lassen: Jeremias Gotthelfs &#8222;Jacobs, des Handwerksgesellen, Wanderungen durch die Schweiz&#8220; von 1846, den die Kulturwissenschaftlerin Helen Liebend\u00f6rfer zum Auftakt ausgew\u00e4hlt hatte, jongliert mit solcher Freude, mit allem auch nur vorstellbaren Unwissen \u00fcber ein fremdes Land, in diesem Fall die Schweiz, dass dagegen jede aktuelle Ignoranz-Variante verblasst. <span style=\"color: #ff0000;\"><strong>HB<\/strong><\/span><\/p>\n<p><a href=\"http:\/\/www.badische-zeitung.de\/loerrach\/einen-sonnenaufgang-zu-viel-verschlafen--153214816.html\" target=\"_blank\" rel=\"noopener\">mehr&gt;<\/a><\/p>\n","protected":false},"excerpt":{"rendered":"<p>Literarisch-musikalische Reise zu &#8222;Schweizerreise. Johann Peter Hebel unterwegs als Aufkl\u00e4rer&#8220;. L\u00d6RRACH.\u00a0Vergn\u00fcglicher h\u00e4tte sich die literarische Schweizerreise mit Musik, zu der der Hebelbund gestern ins L\u00f6rracher Dreil\u00e4ndermuseum eingeladen hatte, kaum einleiten lassen: Jeremias Gotthelfs &#8222;Jacobs, des Handwerksgesellen, Wanderungen durch die Schweiz&#8220; von 1846, den die Kulturwissenschaftlerin Helen Liebend\u00f6rfer zum Auftakt ausgew\u00e4hlt hatte, jongliert mit solcher Freude, &hellip; <a href=\"https:\/\/hebelbund.de\/?p=1639\" class=\"more-link\">Continue reading <span class=\"screen-reader-text\">Einen Sonnenaufgang zu viel verschlafen<\/span><\/a><\/p>\n","protected":false},"author":3,"featured_media":0,"comment_status":"closed","ping_status":"open","sticky":false,"template":"","format":"standard","meta":{"footnotes":""},"categories":[13],"tags":[],"class_list":["post-1639","post","type-post","status-publish","format-standard","hentry","category-presse-aktuell"],"_links":{"self":[{"href":"https:\/\/hebelbund.de\/index.php?rest_route=\/wp\/v2\/posts\/1639","targetHints":{"allow":["GET"]}}],"collection":[{"href":"https:\/\/hebelbund.de\/index.php?rest_route=\/wp\/v2\/posts"}],"about":[{"href":"https:\/\/hebelbund.de\/index.php?rest_route=\/wp\/v2\/types\/post"}],"author":[{"embeddable":true,"href":"https:\/\/hebelbund.de\/index.php?rest_route=\/wp\/v2\/users\/3"}],"replies":[{"embeddable":true,"href":"https:\/\/hebelbund.de\/index.php?rest_route=%2Fwp%2Fv2%2Fcomments&post=1639"}],"version-history":[{"count":1,"href":"https:\/\/hebelbund.de\/index.php?rest_route=\/wp\/v2\/posts\/1639\/revisions"}],"predecessor-version":[{"id":1640,"href":"https:\/\/hebelbund.de\/index.php?rest_route=\/wp\/v2\/posts\/1639\/revisions\/1640"}],"wp:attachment":[{"href":"https:\/\/hebelbund.de\/index.php?rest_route=%2Fwp%2Fv2%2Fmedia&parent=1639"}],"wp:term":[{"taxonomy":"category","embeddable":true,"href":"https:\/\/hebelbund.de\/index.php?rest_route=%2Fwp%2Fv2%2Fcategories&post=1639"},{"taxonomy":"post_tag","embeddable":true,"href":"https:\/\/hebelbund.de\/index.php?rest_route=%2Fwp%2Fv2%2Ftags&post=1639"}],"curies":[{"name":"wp","href":"https:\/\/api.w.org\/{rel}","templated":true}]}}