{"id":1653,"date":"2018-06-20T08:16:36","date_gmt":"2018-06-20T08:16:36","guid":{"rendered":"http:\/\/hebelbund.de\/?p=1653"},"modified":"2018-06-20T08:16:36","modified_gmt":"2018-06-20T08:16:36","slug":"der-himmel-und-die-hoelle-auf-erden","status":"publish","type":"post","link":"https:\/\/hebelbund.de\/?p=1653","title":{"rendered":"Der Himmel und die H\u00f6lle auf Erden"},"content":{"rendered":"<p><strong>Thomas Wei\u00df las aus seinem Roman \u00fcber Johann Friedrich Oberlin.<\/strong><\/p>\n<p><span class=\"ngSpitzmarke\">L\u00d6RRACH.<\/span>\u00a0Johann Peter Hebel und Johann Friedrich Oberlin \u2013 Theologen und P\u00e4dagogen waren sie beide, und neben dem ersten Vornamen verbindet sie auch das Todesjahr 1826. Begegnet sind sie sich wahrscheinlich nicht, m\u00f6glicherweise haben sie jedoch voneinander geh\u00f6rt, denkt Thomas Wei\u00df. Im Rahmen der literarischen Begegnungen des Hebelbundes lie\u00df der Pfarrer, Autor und Lyriker jetzt im gut besuchten Hebelsaal des Dreil\u00e4ndermuseums den Els\u00e4sser wieder lebendig werden, dem er seinen 2016 erschienenen Roman &#8222;Oberlin, Waldersbach. Eine Begegnung&#8220; gewidmet hat. <span style=\"color: #ff0000;\"><strong>HB<\/strong><\/span><\/p>\n<p><a href=\"http:\/\/www.badische-zeitung.de\/loerrach\/der-himmel-und-die-hoelle-auf-erden--153749193.html\" target=\"_blank\" rel=\"noopener\">mehr&gt;<\/a><\/p>\n","protected":false},"excerpt":{"rendered":"<p>Thomas Wei\u00df las aus seinem Roman \u00fcber Johann Friedrich Oberlin. L\u00d6RRACH.\u00a0Johann Peter Hebel und Johann Friedrich Oberlin \u2013 Theologen und P\u00e4dagogen waren sie beide, und neben dem ersten Vornamen verbindet sie auch das Todesjahr 1826. Begegnet sind sie sich wahrscheinlich nicht, m\u00f6glicherweise haben sie jedoch voneinander geh\u00f6rt, denkt Thomas Wei\u00df. Im Rahmen der literarischen Begegnungen &hellip; <a href=\"https:\/\/hebelbund.de\/?p=1653\" class=\"more-link\">Continue reading <span class=\"screen-reader-text\">Der Himmel und die H\u00f6lle auf Erden<\/span><\/a><\/p>\n","protected":false},"author":3,"featured_media":0,"comment_status":"closed","ping_status":"open","sticky":false,"template":"","format":"standard","meta":{"footnotes":""},"categories":[13],"tags":[],"class_list":["post-1653","post","type-post","status-publish","format-standard","hentry","category-presse-aktuell"],"_links":{"self":[{"href":"https:\/\/hebelbund.de\/index.php?rest_route=\/wp\/v2\/posts\/1653","targetHints":{"allow":["GET"]}}],"collection":[{"href":"https:\/\/hebelbund.de\/index.php?rest_route=\/wp\/v2\/posts"}],"about":[{"href":"https:\/\/hebelbund.de\/index.php?rest_route=\/wp\/v2\/types\/post"}],"author":[{"embeddable":true,"href":"https:\/\/hebelbund.de\/index.php?rest_route=\/wp\/v2\/users\/3"}],"replies":[{"embeddable":true,"href":"https:\/\/hebelbund.de\/index.php?rest_route=%2Fwp%2Fv2%2Fcomments&post=1653"}],"version-history":[{"count":1,"href":"https:\/\/hebelbund.de\/index.php?rest_route=\/wp\/v2\/posts\/1653\/revisions"}],"predecessor-version":[{"id":1654,"href":"https:\/\/hebelbund.de\/index.php?rest_route=\/wp\/v2\/posts\/1653\/revisions\/1654"}],"wp:attachment":[{"href":"https:\/\/hebelbund.de\/index.php?rest_route=%2Fwp%2Fv2%2Fmedia&parent=1653"}],"wp:term":[{"taxonomy":"category","embeddable":true,"href":"https:\/\/hebelbund.de\/index.php?rest_route=%2Fwp%2Fv2%2Fcategories&post=1653"},{"taxonomy":"post_tag","embeddable":true,"href":"https:\/\/hebelbund.de\/index.php?rest_route=%2Fwp%2Fv2%2Ftags&post=1653"}],"curies":[{"name":"wp","href":"https:\/\/api.w.org\/{rel}","templated":true}]}}