{"id":1728,"date":"2018-09-25T08:52:22","date_gmt":"2018-09-25T08:52:22","guid":{"rendered":"http:\/\/hebelbund.de\/?p=1728"},"modified":"2018-10-01T09:58:23","modified_gmt":"2018-10-01T09:58:23","slug":"auf-den-spuren-von-gustave-fecht-und-johann-peter-hebel","status":"publish","type":"post","link":"https:\/\/hebelbund.de\/?p=1728","title":{"rendered":"Auf den Spuren von Gustave Fecht und Johann Peter Hebel"},"content":{"rendered":"<p>Monika Merstetter f\u00fchrt die Mitglieder des Geschichtsvereins Markgr\u00e4flerland bei ihrer Jahrestagung zu historisch bedeutenden Geb\u00e4uden in Altweil.<\/p>\n<p><a href=\"http:\/\/www.badische-zeitung.de\/weil-am-rhein\/auf-den-spuren-von-gustave-fecht-und-johann-peter-hebel--156984517.html\" target=\"_blank\" rel=\"noopener\">mehr&gt;<\/a><\/p>\n","protected":false},"excerpt":{"rendered":"<p>Monika Merstetter f\u00fchrt die Mitglieder des Geschichtsvereins Markgr\u00e4flerland bei ihrer Jahrestagung zu historisch bedeutenden Geb\u00e4uden in Altweil. mehr&gt;<\/p>\n","protected":false},"author":3,"featured_media":0,"comment_status":"closed","ping_status":"open","sticky":false,"template":"","format":"standard","meta":{"footnotes":""},"categories":[13],"tags":[],"class_list":["post-1728","post","type-post","status-publish","format-standard","hentry","category-presse-aktuell"],"_links":{"self":[{"href":"https:\/\/hebelbund.de\/index.php?rest_route=\/wp\/v2\/posts\/1728","targetHints":{"allow":["GET"]}}],"collection":[{"href":"https:\/\/hebelbund.de\/index.php?rest_route=\/wp\/v2\/posts"}],"about":[{"href":"https:\/\/hebelbund.de\/index.php?rest_route=\/wp\/v2\/types\/post"}],"author":[{"embeddable":true,"href":"https:\/\/hebelbund.de\/index.php?rest_route=\/wp\/v2\/users\/3"}],"replies":[{"embeddable":true,"href":"https:\/\/hebelbund.de\/index.php?rest_route=%2Fwp%2Fv2%2Fcomments&post=1728"}],"version-history":[{"count":2,"href":"https:\/\/hebelbund.de\/index.php?rest_route=\/wp\/v2\/posts\/1728\/revisions"}],"predecessor-version":[{"id":1730,"href":"https:\/\/hebelbund.de\/index.php?rest_route=\/wp\/v2\/posts\/1728\/revisions\/1730"}],"wp:attachment":[{"href":"https:\/\/hebelbund.de\/index.php?rest_route=%2Fwp%2Fv2%2Fmedia&parent=1728"}],"wp:term":[{"taxonomy":"category","embeddable":true,"href":"https:\/\/hebelbund.de\/index.php?rest_route=%2Fwp%2Fv2%2Fcategories&post=1728"},{"taxonomy":"post_tag","embeddable":true,"href":"https:\/\/hebelbund.de\/index.php?rest_route=%2Fwp%2Fv2%2Ftags&post=1728"}],"curies":[{"name":"wp","href":"https:\/\/api.w.org\/{rel}","templated":true}]}}