{"id":1844,"date":"2019-02-22T08:50:30","date_gmt":"2019-02-22T08:50:30","guid":{"rendered":"http:\/\/hebelbund.de\/?p=1844"},"modified":"2019-02-22T08:50:30","modified_gmt":"2019-02-22T08:50:30","slug":"hebel-und-die-fremden","status":"publish","type":"post","link":"https:\/\/hebelbund.de\/?p=1844","title":{"rendered":"\u201eHebel und die Fremden\u201c"},"content":{"rendered":"<p><strong>&#8222;Z&#8217;Liecht go&#8220;\u00a0\u2502 Vortrag von Axel Huettner bei Heimatverein und VHS<\/strong><\/p>\n<p>Weil am Rhein. \u201eZ\u2019Liecht go\u201c hei\u00dft es am Montag, 25. Februar, 19 Uhr, im Gew\u00f6lbekeller des Alten Rathauses an der Hinterdorfstra\u00dfe. Der Verein f\u00fcr Heimatgeschichte und Volkskunde l\u00e4dt dazu ein. Die Volkshochschule Weil am Rhein ist Mitveranstalter. Im Mittelpunkt steht ein Vortrag von Pfarrer Axel Huett\u00adner: \u201eHebel und das Fremde \u2013 Hebel und die Fremden\u201c.<\/p>\n<p><a href=\"https:\/\/www.verlagshaus-jaumann.de\/inhalt.weil-am-rhein-hebel-und-die-fremden.a382b458-8c83-4063-8681-9def93695a61.html\" target=\"_blank\" rel=\"noopener\">mehr&gt;<\/a><\/p>\n","protected":false},"excerpt":{"rendered":"<p>&#8222;Z&#8217;Liecht go&#8220;\u00a0\u2502 Vortrag von Axel Huettner bei Heimatverein und VHS Weil am Rhein. \u201eZ\u2019Liecht go\u201c hei\u00dft es am Montag, 25. Februar, 19 Uhr, im Gew\u00f6lbekeller des Alten Rathauses an der Hinterdorfstra\u00dfe. Der Verein f\u00fcr Heimatgeschichte und Volkskunde l\u00e4dt dazu ein. Die Volkshochschule Weil am Rhein ist Mitveranstalter. Im Mittelpunkt steht ein Vortrag von Pfarrer Axel &hellip; <a href=\"https:\/\/hebelbund.de\/?p=1844\" class=\"more-link\">Continue reading <span class=\"screen-reader-text\">\u201eHebel und die Fremden\u201c<\/span><\/a><\/p>\n","protected":false},"author":3,"featured_media":0,"comment_status":"closed","ping_status":"open","sticky":false,"template":"","format":"standard","meta":{"footnotes":""},"categories":[13],"tags":[],"class_list":["post-1844","post","type-post","status-publish","format-standard","hentry","category-presse-aktuell"],"_links":{"self":[{"href":"https:\/\/hebelbund.de\/index.php?rest_route=\/wp\/v2\/posts\/1844","targetHints":{"allow":["GET"]}}],"collection":[{"href":"https:\/\/hebelbund.de\/index.php?rest_route=\/wp\/v2\/posts"}],"about":[{"href":"https:\/\/hebelbund.de\/index.php?rest_route=\/wp\/v2\/types\/post"}],"author":[{"embeddable":true,"href":"https:\/\/hebelbund.de\/index.php?rest_route=\/wp\/v2\/users\/3"}],"replies":[{"embeddable":true,"href":"https:\/\/hebelbund.de\/index.php?rest_route=%2Fwp%2Fv2%2Fcomments&post=1844"}],"version-history":[{"count":1,"href":"https:\/\/hebelbund.de\/index.php?rest_route=\/wp\/v2\/posts\/1844\/revisions"}],"predecessor-version":[{"id":1845,"href":"https:\/\/hebelbund.de\/index.php?rest_route=\/wp\/v2\/posts\/1844\/revisions\/1845"}],"wp:attachment":[{"href":"https:\/\/hebelbund.de\/index.php?rest_route=%2Fwp%2Fv2%2Fmedia&parent=1844"}],"wp:term":[{"taxonomy":"category","embeddable":true,"href":"https:\/\/hebelbund.de\/index.php?rest_route=%2Fwp%2Fv2%2Fcategories&post=1844"},{"taxonomy":"post_tag","embeddable":true,"href":"https:\/\/hebelbund.de\/index.php?rest_route=%2Fwp%2Fv2%2Ftags&post=1844"}],"curies":[{"name":"wp","href":"https:\/\/api.w.org\/{rel}","templated":true}]}}