{"id":1861,"date":"2019-03-23T09:20:36","date_gmt":"2019-03-23T09:20:36","guid":{"rendered":"http:\/\/hebelbund.de\/?p=1861"},"modified":"2019-03-23T09:20:36","modified_gmt":"2019-03-23T09:20:36","slug":"pierre-kretz-erhaelt-den-hebeldank","status":"publish","type":"post","link":"https:\/\/hebelbund.de\/?p=1861","title":{"rendered":"Pierre Kretz erh\u00e4lt den Hebeldank"},"content":{"rendered":"<p><strong>Hebelbund L\u00f6rrach zeichnet den els\u00e4ssischen Mundartdichter aus \/ Umfangreiches Jahresprogramm mit mehr Standbeinen.<\/strong><\/p>\n<p><span class=\"ngSpitzmarke\">L\u00d6RRACH.<\/span>\u00a0Pierre Kretz erh\u00e4lt den Hebeldank des Hebelbundes L\u00f6rrach. Die Vizepr\u00e4sidentin Inge Hemberger hat bei der Vorstellung des Jahresprogramms von L\u00f6rrachs literarischer Gesellschaft den Namen des diesj\u00e4hrigen Preistr\u00e4gers bekannt gegeben. Sie stellte auch ein umfangreiches Programm vor, das statt der \u00fcblichen drei Standbeine in diesem Jahr sogar vier oder f\u00fcnf habe. <span style=\"color: #ff0000;\"><strong>HB<\/strong><\/span><\/p>\n<p><a href=\"https:\/\/www.badische-zeitung.de\/loerrach\/pierre-kretz-erhaelt-den-hebeldank--168985806.html\" target=\"_blank\" rel=\"noopener\">mehr&gt;<\/a><\/p>\n","protected":false},"excerpt":{"rendered":"<p>Hebelbund L\u00f6rrach zeichnet den els\u00e4ssischen Mundartdichter aus \/ Umfangreiches Jahresprogramm mit mehr Standbeinen. L\u00d6RRACH.\u00a0Pierre Kretz erh\u00e4lt den Hebeldank des Hebelbundes L\u00f6rrach. Die Vizepr\u00e4sidentin Inge Hemberger hat bei der Vorstellung des Jahresprogramms von L\u00f6rrachs literarischer Gesellschaft den Namen des diesj\u00e4hrigen Preistr\u00e4gers bekannt gegeben. Sie stellte auch ein umfangreiches Programm vor, das statt der \u00fcblichen drei Standbeine &hellip; <a href=\"https:\/\/hebelbund.de\/?p=1861\" class=\"more-link\">Continue reading <span class=\"screen-reader-text\">Pierre Kretz erh\u00e4lt den Hebeldank<\/span><\/a><\/p>\n","protected":false},"author":3,"featured_media":0,"comment_status":"closed","ping_status":"open","sticky":false,"template":"","format":"standard","meta":{"footnotes":""},"categories":[13],"tags":[],"class_list":["post-1861","post","type-post","status-publish","format-standard","hentry","category-presse-aktuell"],"_links":{"self":[{"href":"https:\/\/hebelbund.de\/index.php?rest_route=\/wp\/v2\/posts\/1861","targetHints":{"allow":["GET"]}}],"collection":[{"href":"https:\/\/hebelbund.de\/index.php?rest_route=\/wp\/v2\/posts"}],"about":[{"href":"https:\/\/hebelbund.de\/index.php?rest_route=\/wp\/v2\/types\/post"}],"author":[{"embeddable":true,"href":"https:\/\/hebelbund.de\/index.php?rest_route=\/wp\/v2\/users\/3"}],"replies":[{"embeddable":true,"href":"https:\/\/hebelbund.de\/index.php?rest_route=%2Fwp%2Fv2%2Fcomments&post=1861"}],"version-history":[{"count":1,"href":"https:\/\/hebelbund.de\/index.php?rest_route=\/wp\/v2\/posts\/1861\/revisions"}],"predecessor-version":[{"id":1862,"href":"https:\/\/hebelbund.de\/index.php?rest_route=\/wp\/v2\/posts\/1861\/revisions\/1862"}],"wp:attachment":[{"href":"https:\/\/hebelbund.de\/index.php?rest_route=%2Fwp%2Fv2%2Fmedia&parent=1861"}],"wp:term":[{"taxonomy":"category","embeddable":true,"href":"https:\/\/hebelbund.de\/index.php?rest_route=%2Fwp%2Fv2%2Fcategories&post=1861"},{"taxonomy":"post_tag","embeddable":true,"href":"https:\/\/hebelbund.de\/index.php?rest_route=%2Fwp%2Fv2%2Ftags&post=1861"}],"curies":[{"name":"wp","href":"https:\/\/api.w.org\/{rel}","templated":true}]}}