{"id":1879,"date":"2019-04-30T07:04:56","date_gmt":"2019-04-30T07:04:56","guid":{"rendered":"http:\/\/hebelbund.de\/?p=1879"},"modified":"2019-04-30T07:05:46","modified_gmt":"2019-04-30T07:05:46","slug":"hebeldank-geht-an-pierre-kretz","status":"publish","type":"post","link":"https:\/\/hebelbund.de\/?p=1879","title":{"rendered":"\u201eHebeldank\u201c geht an Pierre Kretz"},"content":{"rendered":"<p><strong>Dreil\u00e4ndermuseum \/ Hebelbund l\u00e4dt zum &#8222;Schatzk\u00e4stlein&#8220; am 5. Mai ein<\/strong><\/p>\n<p>L\u00f6rrach. Einen H\u00f6hepunkt der allj\u00e4hrlichen Feiern zu Johann Peter Hebels Geburtstag im Dreiland bildet der L\u00f6rracher \u201eHebelsonntag\u201c des Hebelbundes. In diesem Jahr findet er am Sonntag, 5. Mai, statt und steht anl\u00e4sslich der gro\u00dfen R\u00f6tteln-Ausstellung im Dreil\u00e4ndermuseum im Zeichen des Hebel-Gedichtes \u201eDie Verg\u00e4nglichkeit\u201c. <span style=\"color: #ff0000;\"><strong>HB<\/strong><\/span><\/p>\n<p><a href=\"https:\/\/www.verlagshaus-jaumann.de\/inhalt.loerrach-hebeldank-geht-an-pierre-kretz.18a3092f-27dd-48d7-8dc6-ffc868f3d2a8.html\" target=\"_blank\" rel=\"noopener\">mehr&gt;<\/a><\/p>\n","protected":false},"excerpt":{"rendered":"<p>Dreil\u00e4ndermuseum \/ Hebelbund l\u00e4dt zum &#8222;Schatzk\u00e4stlein&#8220; am 5. Mai ein L\u00f6rrach. Einen H\u00f6hepunkt der allj\u00e4hrlichen Feiern zu Johann Peter Hebels Geburtstag im Dreiland bildet der L\u00f6rracher \u201eHebelsonntag\u201c des Hebelbundes. In diesem Jahr findet er am Sonntag, 5. Mai, statt und steht anl\u00e4sslich der gro\u00dfen R\u00f6tteln-Ausstellung im Dreil\u00e4ndermuseum im Zeichen des Hebel-Gedichtes \u201eDie Verg\u00e4nglichkeit\u201c. HB mehr&gt;<\/p>\n","protected":false},"author":3,"featured_media":0,"comment_status":"closed","ping_status":"open","sticky":false,"template":"","format":"standard","meta":{"footnotes":""},"categories":[13],"tags":[],"class_list":["post-1879","post","type-post","status-publish","format-standard","hentry","category-presse-aktuell"],"_links":{"self":[{"href":"https:\/\/hebelbund.de\/index.php?rest_route=\/wp\/v2\/posts\/1879","targetHints":{"allow":["GET"]}}],"collection":[{"href":"https:\/\/hebelbund.de\/index.php?rest_route=\/wp\/v2\/posts"}],"about":[{"href":"https:\/\/hebelbund.de\/index.php?rest_route=\/wp\/v2\/types\/post"}],"author":[{"embeddable":true,"href":"https:\/\/hebelbund.de\/index.php?rest_route=\/wp\/v2\/users\/3"}],"replies":[{"embeddable":true,"href":"https:\/\/hebelbund.de\/index.php?rest_route=%2Fwp%2Fv2%2Fcomments&post=1879"}],"version-history":[{"count":3,"href":"https:\/\/hebelbund.de\/index.php?rest_route=\/wp\/v2\/posts\/1879\/revisions"}],"predecessor-version":[{"id":1882,"href":"https:\/\/hebelbund.de\/index.php?rest_route=\/wp\/v2\/posts\/1879\/revisions\/1882"}],"wp:attachment":[{"href":"https:\/\/hebelbund.de\/index.php?rest_route=%2Fwp%2Fv2%2Fmedia&parent=1879"}],"wp:term":[{"taxonomy":"category","embeddable":true,"href":"https:\/\/hebelbund.de\/index.php?rest_route=%2Fwp%2Fv2%2Fcategories&post=1879"},{"taxonomy":"post_tag","embeddable":true,"href":"https:\/\/hebelbund.de\/index.php?rest_route=%2Fwp%2Fv2%2Ftags&post=1879"}],"curies":[{"name":"wp","href":"https:\/\/api.w.org\/{rel}","templated":true}]}}