{"id":1883,"date":"2019-04-30T07:25:28","date_gmt":"2019-04-30T07:25:28","guid":{"rendered":"http:\/\/hebelbund.de\/?p=1883"},"modified":"2019-04-30T07:25:28","modified_gmt":"2019-04-30T07:25:28","slug":"kretz-erhaelt-hebeldank","status":"publish","type":"post","link":"https:\/\/hebelbund.de\/?p=1883","title":{"rendered":"Kretz erh\u00e4lt Hebeldank"},"content":{"rendered":"<p><strong>Hebelsonntag am 5. Mai im Zeichen der &#8222;Verg\u00e4nglichkeit&#8220;.<\/strong><\/p>\n<p><span class=\"ngSpitzmarke\">L\u00d6RRACH (BZ).<\/span>\u00a0Einen H\u00f6hepunkt der allj\u00e4hrlichen Feiern zu Johann Peter Hebels Geburtstag bildet in L\u00f6rrach der &#8222;Hebelsonntag&#8220; des Hebelbundes. In diesem Jahr findet er am 5. Mai statt und steht anl\u00e4sslich der gro\u00dfen R\u00f6tteln-Ausstellung im Dreil\u00e4ndermuseum im Zeichen des gro\u00dfen Hebel-Gedichtes &#8222;Die Verg\u00e4nglichkeit&#8220;. Darin entspinnt sich vor der Kulisse des R\u00f6ttler Schlosses ein Gespr\u00e4ch \u00fcber die letzten Dinge der Menschheit. <span style=\"color: #ff0000;\"><strong>HB<\/strong><\/span><\/p>\n<p><a href=\"https:\/\/www.badische-zeitung.de\/loerrach\/kretz-erhaelt-hebeldank--172356274.html\" target=\"_blank\" rel=\"noopener\">mehr&gt;<\/a><\/p>\n","protected":false},"excerpt":{"rendered":"<p>Hebelsonntag am 5. Mai im Zeichen der &#8222;Verg\u00e4nglichkeit&#8220;. L\u00d6RRACH (BZ).\u00a0Einen H\u00f6hepunkt der allj\u00e4hrlichen Feiern zu Johann Peter Hebels Geburtstag bildet in L\u00f6rrach der &#8222;Hebelsonntag&#8220; des Hebelbundes. In diesem Jahr findet er am 5. Mai statt und steht anl\u00e4sslich der gro\u00dfen R\u00f6tteln-Ausstellung im Dreil\u00e4ndermuseum im Zeichen des gro\u00dfen Hebel-Gedichtes &#8222;Die Verg\u00e4nglichkeit&#8220;. Darin entspinnt sich vor der &hellip; <a href=\"https:\/\/hebelbund.de\/?p=1883\" class=\"more-link\">Continue reading <span class=\"screen-reader-text\">Kretz erh\u00e4lt Hebeldank<\/span><\/a><\/p>\n","protected":false},"author":3,"featured_media":0,"comment_status":"closed","ping_status":"open","sticky":false,"template":"","format":"standard","meta":{"footnotes":""},"categories":[13],"tags":[],"class_list":["post-1883","post","type-post","status-publish","format-standard","hentry","category-presse-aktuell"],"_links":{"self":[{"href":"https:\/\/hebelbund.de\/index.php?rest_route=\/wp\/v2\/posts\/1883","targetHints":{"allow":["GET"]}}],"collection":[{"href":"https:\/\/hebelbund.de\/index.php?rest_route=\/wp\/v2\/posts"}],"about":[{"href":"https:\/\/hebelbund.de\/index.php?rest_route=\/wp\/v2\/types\/post"}],"author":[{"embeddable":true,"href":"https:\/\/hebelbund.de\/index.php?rest_route=\/wp\/v2\/users\/3"}],"replies":[{"embeddable":true,"href":"https:\/\/hebelbund.de\/index.php?rest_route=%2Fwp%2Fv2%2Fcomments&post=1883"}],"version-history":[{"count":1,"href":"https:\/\/hebelbund.de\/index.php?rest_route=\/wp\/v2\/posts\/1883\/revisions"}],"predecessor-version":[{"id":1884,"href":"https:\/\/hebelbund.de\/index.php?rest_route=\/wp\/v2\/posts\/1883\/revisions\/1884"}],"wp:attachment":[{"href":"https:\/\/hebelbund.de\/index.php?rest_route=%2Fwp%2Fv2%2Fmedia&parent=1883"}],"wp:term":[{"taxonomy":"category","embeddable":true,"href":"https:\/\/hebelbund.de\/index.php?rest_route=%2Fwp%2Fv2%2Fcategories&post=1883"},{"taxonomy":"post_tag","embeddable":true,"href":"https:\/\/hebelbund.de\/index.php?rest_route=%2Fwp%2Fv2%2Ftags&post=1883"}],"curies":[{"name":"wp","href":"https:\/\/api.w.org\/{rel}","templated":true}]}}