{"id":1890,"date":"2019-05-02T07:51:15","date_gmt":"2019-05-02T07:51:15","guid":{"rendered":"http:\/\/hebelbund.de\/?p=1890"},"modified":"2019-05-02T07:51:15","modified_gmt":"2019-05-02T07:51:15","slug":"hebels-geburtstag-wird-im-wiesental-wieder-gross-gefeiert","status":"publish","type":"post","link":"https:\/\/hebelbund.de\/?p=1890","title":{"rendered":"Hebels Geburtstag wird im Wiesental wieder gro\u00df gefeiert"},"content":{"rendered":"<p><strong>Hausen macht sich bereit f\u00fcr das gro\u00dfe Hebelfest, schon am Samstag wird dort die Hebelplakette verliehen. In L\u00f6rrach findet tags darauf der &#8222;Hebelsonntag&#8220; mit Verleihung des Hebeldanks. <span style=\"color: #ff0000;\">HB<\/span><\/strong><\/p>\n<p><a href=\"https:\/\/www.badische-zeitung.de\/hausen-im-wiesental\/hebels-geburtstag-wird-im-wiesental-wieder-gross-gefeiert--172358291.html\" target=\"_blank\" rel=\"noopener\">mehr&gt;<\/a><\/p>\n","protected":false},"excerpt":{"rendered":"<p>Hausen macht sich bereit f\u00fcr das gro\u00dfe Hebelfest, schon am Samstag wird dort die Hebelplakette verliehen. In L\u00f6rrach findet tags darauf der &#8222;Hebelsonntag&#8220; mit Verleihung des Hebeldanks. HB mehr&gt;<\/p>\n","protected":false},"author":3,"featured_media":0,"comment_status":"closed","ping_status":"open","sticky":false,"template":"","format":"standard","meta":{"footnotes":""},"categories":[13],"tags":[],"class_list":["post-1890","post","type-post","status-publish","format-standard","hentry","category-presse-aktuell"],"_links":{"self":[{"href":"https:\/\/hebelbund.de\/index.php?rest_route=\/wp\/v2\/posts\/1890","targetHints":{"allow":["GET"]}}],"collection":[{"href":"https:\/\/hebelbund.de\/index.php?rest_route=\/wp\/v2\/posts"}],"about":[{"href":"https:\/\/hebelbund.de\/index.php?rest_route=\/wp\/v2\/types\/post"}],"author":[{"embeddable":true,"href":"https:\/\/hebelbund.de\/index.php?rest_route=\/wp\/v2\/users\/3"}],"replies":[{"embeddable":true,"href":"https:\/\/hebelbund.de\/index.php?rest_route=%2Fwp%2Fv2%2Fcomments&post=1890"}],"version-history":[{"count":1,"href":"https:\/\/hebelbund.de\/index.php?rest_route=\/wp\/v2\/posts\/1890\/revisions"}],"predecessor-version":[{"id":1891,"href":"https:\/\/hebelbund.de\/index.php?rest_route=\/wp\/v2\/posts\/1890\/revisions\/1891"}],"wp:attachment":[{"href":"https:\/\/hebelbund.de\/index.php?rest_route=%2Fwp%2Fv2%2Fmedia&parent=1890"}],"wp:term":[{"taxonomy":"category","embeddable":true,"href":"https:\/\/hebelbund.de\/index.php?rest_route=%2Fwp%2Fv2%2Fcategories&post=1890"},{"taxonomy":"post_tag","embeddable":true,"href":"https:\/\/hebelbund.de\/index.php?rest_route=%2Fwp%2Fv2%2Ftags&post=1890"}],"curies":[{"name":"wp","href":"https:\/\/api.w.org\/{rel}","templated":true}]}}