{"id":1898,"date":"2019-05-06T08:10:18","date_gmt":"2019-05-06T08:10:18","guid":{"rendered":"http:\/\/hebelbund.de\/?p=1898"},"modified":"2019-05-06T08:10:18","modified_gmt":"2019-05-06T08:10:18","slug":"ein-plaedoyer-fuer-die-mundart","status":"publish","type":"post","link":"https:\/\/hebelbund.de\/?p=1898","title":{"rendered":"Ein Pl\u00e4doyer f\u00fcr die Mundart"},"content":{"rendered":"<p><strong>Hebelbund L\u00f6rrach verleiht dem els\u00e4ssischen Autor Pierre Kretz im Dreil\u00e4ndermuseum den Hebeldank.\u00a0 <span style=\"color: #ff0000;\">HB<\/span><\/strong><\/p>\n<p><a href=\"https:\/\/www.badische-zeitung.de\/loerrach\/ein-plaedoyer-fuer-die-mundart--172663219.html\" target=\"_blank\" rel=\"noopener\">mehr&gt;<\/a><\/p>\n","protected":false},"excerpt":{"rendered":"<p>Hebelbund L\u00f6rrach verleiht dem els\u00e4ssischen Autor Pierre Kretz im Dreil\u00e4ndermuseum den Hebeldank.\u00a0 HB mehr&gt;<\/p>\n","protected":false},"author":3,"featured_media":0,"comment_status":"closed","ping_status":"open","sticky":false,"template":"","format":"standard","meta":{"footnotes":""},"categories":[13],"tags":[],"class_list":["post-1898","post","type-post","status-publish","format-standard","hentry","category-presse-aktuell"],"_links":{"self":[{"href":"https:\/\/hebelbund.de\/index.php?rest_route=\/wp\/v2\/posts\/1898","targetHints":{"allow":["GET"]}}],"collection":[{"href":"https:\/\/hebelbund.de\/index.php?rest_route=\/wp\/v2\/posts"}],"about":[{"href":"https:\/\/hebelbund.de\/index.php?rest_route=\/wp\/v2\/types\/post"}],"author":[{"embeddable":true,"href":"https:\/\/hebelbund.de\/index.php?rest_route=\/wp\/v2\/users\/3"}],"replies":[{"embeddable":true,"href":"https:\/\/hebelbund.de\/index.php?rest_route=%2Fwp%2Fv2%2Fcomments&post=1898"}],"version-history":[{"count":1,"href":"https:\/\/hebelbund.de\/index.php?rest_route=\/wp\/v2\/posts\/1898\/revisions"}],"predecessor-version":[{"id":1899,"href":"https:\/\/hebelbund.de\/index.php?rest_route=\/wp\/v2\/posts\/1898\/revisions\/1899"}],"wp:attachment":[{"href":"https:\/\/hebelbund.de\/index.php?rest_route=%2Fwp%2Fv2%2Fmedia&parent=1898"}],"wp:term":[{"taxonomy":"category","embeddable":true,"href":"https:\/\/hebelbund.de\/index.php?rest_route=%2Fwp%2Fv2%2Fcategories&post=1898"},{"taxonomy":"post_tag","embeddable":true,"href":"https:\/\/hebelbund.de\/index.php?rest_route=%2Fwp%2Fv2%2Ftags&post=1898"}],"curies":[{"name":"wp","href":"https:\/\/api.w.org\/{rel}","templated":true}]}}