{"id":1903,"date":"2019-05-08T13:00:14","date_gmt":"2019-05-08T13:00:14","guid":{"rendered":"http:\/\/hebelbund.de\/?p=1903"},"modified":"2019-05-08T13:00:14","modified_gmt":"2019-05-08T13:00:14","slug":"elsaesser-erhaelt-den-hebeldank","status":"publish","type":"post","link":"https:\/\/hebelbund.de\/?p=1903","title":{"rendered":"Els\u00e4sser erh\u00e4lt den Hebeldank"},"content":{"rendered":"<p><strong>Schatzk\u00e4stlein des Hebelbundes \/ Pierre Kretz engagiert sich f\u00fcr den els\u00e4ssischen Dialekt <span style=\"color: #ff0000;\">HB<\/span><\/strong><\/p>\n<p><a href=\"http:\/\/hebelbund.de\/wp-content\/uploads\/2019\/05\/190508wb.jpg\" target=\"_blank\" rel=\"noopener\">mehr&gt;<\/a><\/p>\n","protected":false},"excerpt":{"rendered":"<p>Schatzk\u00e4stlein des Hebelbundes \/ Pierre Kretz engagiert sich f\u00fcr den els\u00e4ssischen Dialekt HB mehr&gt;<\/p>\n","protected":false},"author":3,"featured_media":0,"comment_status":"closed","ping_status":"open","sticky":false,"template":"","format":"standard","meta":{"footnotes":""},"categories":[13],"tags":[],"class_list":["post-1903","post","type-post","status-publish","format-standard","hentry","category-presse-aktuell"],"_links":{"self":[{"href":"https:\/\/hebelbund.de\/index.php?rest_route=\/wp\/v2\/posts\/1903","targetHints":{"allow":["GET"]}}],"collection":[{"href":"https:\/\/hebelbund.de\/index.php?rest_route=\/wp\/v2\/posts"}],"about":[{"href":"https:\/\/hebelbund.de\/index.php?rest_route=\/wp\/v2\/types\/post"}],"author":[{"embeddable":true,"href":"https:\/\/hebelbund.de\/index.php?rest_route=\/wp\/v2\/users\/3"}],"replies":[{"embeddable":true,"href":"https:\/\/hebelbund.de\/index.php?rest_route=%2Fwp%2Fv2%2Fcomments&post=1903"}],"version-history":[{"count":1,"href":"https:\/\/hebelbund.de\/index.php?rest_route=\/wp\/v2\/posts\/1903\/revisions"}],"predecessor-version":[{"id":1905,"href":"https:\/\/hebelbund.de\/index.php?rest_route=\/wp\/v2\/posts\/1903\/revisions\/1905"}],"wp:attachment":[{"href":"https:\/\/hebelbund.de\/index.php?rest_route=%2Fwp%2Fv2%2Fmedia&parent=1903"}],"wp:term":[{"taxonomy":"category","embeddable":true,"href":"https:\/\/hebelbund.de\/index.php?rest_route=%2Fwp%2Fv2%2Fcategories&post=1903"},{"taxonomy":"post_tag","embeddable":true,"href":"https:\/\/hebelbund.de\/index.php?rest_route=%2Fwp%2Fv2%2Ftags&post=1903"}],"curies":[{"name":"wp","href":"https:\/\/api.w.org\/{rel}","templated":true}]}}