{"id":20391,"date":"2022-03-11T14:33:57","date_gmt":"2022-03-11T14:33:57","guid":{"rendered":"https:\/\/hebelbund.de\/?p=20391"},"modified":"2023-01-07T12:01:12","modified_gmt":"2023-01-07T12:01:12","slug":"berichte-aus-der-bz-zu-verschiedenen-veranstaltungen-des-hebelbunds","status":"publish","type":"post","link":"https:\/\/hebelbund.de\/?p=20391","title":{"rendered":"Berichte aus der BZ zu verschiedenen Veranstaltungen des Hebelbunds"},"content":{"rendered":"<p>&nbsp;<\/p>\n<p><strong>Der Hebelbund nimmt an den Wochen gegen Rassismus im M\u00e4rz 2022 teil:<\/strong><\/p>\n<p><a href=\"https:\/\/www.badische-zeitung.de\/mit-aktionswochen-wird-in-loerrach-gegen-alltagsrassismus-mobil-gemacht--209827552.html\" target=\"_blank\" rel=\"noopener noreferrer\">mehr Informationen<\/a><\/p>\n<p>&nbsp;<\/p>\n<p><strong>Friedel Scheer-Nahor erh\u00e4lt den Hebeldank beim Schatzk\u00e4stlein 2021:<\/strong><\/p>\n<p><a href=\"https:\/\/www.badische-zeitung.de\/friedel-scheer-nahor-erhaelt-in-loerrach-den-hebeldank-verliehen--203473447.html\" target=\"_blank\" rel=\"noopener noreferrer\">mehr Informationen<\/a><\/p>\n<p>&nbsp;<\/p>\n<p><strong>Ersch\u00fctternde Zeugnisse der Exil-Literatur stellte Helen Liebend\u00f6rfer, Pr\u00e4sidiumsmitglied des Hebelbunds, im \u00a0\u00a0Hebelsaal des Dreil\u00e4ndermuseums vor: <\/strong><\/p>\n<p><a href=\"https:\/\/www.badische-zeitung.de\/flucht-vor-der-ns-diktatur-als-thema-im-dreilaendermuseum-loerrach--204590674.html\" target=\"_blank\" rel=\"noopener noreferrer\">mehr Informationen<\/a><\/p>\n<p>&nbsp;<\/p>\n<p><strong>Warum ich ein Hebel-Fan bin: Hebelbund-Vizepr\u00e4sidentin Inge Hemberger erz\u00e4hlt<\/strong><\/p>\n<p><a href=\"https:\/\/www.badische-zeitung.de\/hebelbund-vizepraesidentin-inge-hemberger-ist-hebel-fan-seit-der-kindheit--194795156.html\" target=\"_blank\" rel=\"noopener noreferrer\">mehr Informationen<\/a><\/p>\n","protected":false},"excerpt":{"rendered":"<p>&nbsp; Der Hebelbund nimmt an den Wochen gegen Rassismus im M\u00e4rz 2022 teil: mehr Informationen &nbsp; Friedel Scheer-Nahor erh\u00e4lt den Hebeldank beim Schatzk\u00e4stlein 2021: mehr Informationen &nbsp; Ersch\u00fctternde Zeugnisse der Exil-Literatur stellte Helen Liebend\u00f6rfer, Pr\u00e4sidiumsmitglied des Hebelbunds, im \u00a0\u00a0Hebelsaal des Dreil\u00e4ndermuseums vor: mehr Informationen &nbsp; Warum ich ein Hebel-Fan bin: Hebelbund-Vizepr\u00e4sidentin Inge Hemberger erz\u00e4hlt mehr &hellip; <a href=\"https:\/\/hebelbund.de\/?p=20391\" class=\"more-link\">Continue reading <span class=\"screen-reader-text\">Berichte aus der BZ zu verschiedenen Veranstaltungen des Hebelbunds<\/span><\/a><\/p>\n","protected":false},"author":4,"featured_media":0,"comment_status":"closed","ping_status":"closed","sticky":false,"template":"","format":"standard","meta":{"footnotes":""},"categories":[13],"tags":[],"class_list":["post-20391","post","type-post","status-publish","format-standard","hentry","category-presse-aktuell"],"_links":{"self":[{"href":"https:\/\/hebelbund.de\/index.php?rest_route=\/wp\/v2\/posts\/20391","targetHints":{"allow":["GET"]}}],"collection":[{"href":"https:\/\/hebelbund.de\/index.php?rest_route=\/wp\/v2\/posts"}],"about":[{"href":"https:\/\/hebelbund.de\/index.php?rest_route=\/wp\/v2\/types\/post"}],"author":[{"embeddable":true,"href":"https:\/\/hebelbund.de\/index.php?rest_route=\/wp\/v2\/users\/4"}],"replies":[{"embeddable":true,"href":"https:\/\/hebelbund.de\/index.php?rest_route=%2Fwp%2Fv2%2Fcomments&post=20391"}],"version-history":[{"count":6,"href":"https:\/\/hebelbund.de\/index.php?rest_route=\/wp\/v2\/posts\/20391\/revisions"}],"predecessor-version":[{"id":20446,"href":"https:\/\/hebelbund.de\/index.php?rest_route=\/wp\/v2\/posts\/20391\/revisions\/20446"}],"wp:attachment":[{"href":"https:\/\/hebelbund.de\/index.php?rest_route=%2Fwp%2Fv2%2Fmedia&parent=20391"}],"wp:term":[{"taxonomy":"category","embeddable":true,"href":"https:\/\/hebelbund.de\/index.php?rest_route=%2Fwp%2Fv2%2Fcategories&post=20391"},{"taxonomy":"post_tag","embeddable":true,"href":"https:\/\/hebelbund.de\/index.php?rest_route=%2Fwp%2Fv2%2Ftags&post=20391"}],"curies":[{"name":"wp","href":"https:\/\/api.w.org\/{rel}","templated":true}]}}