{"id":26038,"date":"2022-07-11T05:22:03","date_gmt":"2022-07-11T05:22:03","guid":{"rendered":"https:\/\/hebelbund.de\/?p=26038"},"modified":"2023-01-07T12:01:11","modified_gmt":"2023-01-07T12:01:11","slug":"der-elsaesser-yves-bisch-erhaelt-den-hebeldank","status":"publish","type":"post","link":"https:\/\/hebelbund.de\/?p=26038","title":{"rendered":"Der Els\u00e4sser Yves Bisch erh\u00e4lt den Hebeldank"},"content":{"rendered":"<p>Von Annemarie R\u00f6sch<\/p>\n<p>Der Hebelbund hat den els\u00e4ssischen Lyriker und franz\u00f6sischen Prosaschriftsteller Yves Bisch mit dem Hebeldank ausgezeichnet. \u201eVieles verbindet ihn mit Hebel\u201c, sagte Pr\u00e4sident Volker Habermaier bei der Verleihung des Preises am Sonntag, 10. Juli, im Dreil\u00e4ndermuseum in L\u00f6rrach. So ist Yves Bisch ebenso wie Hebel nicht nur ein Lyriker, sondern auch ein P\u00e4dagoge. \u201eGleich wird er das abwehren\u201c, sagte Habermaier. \u201eAber auch das verbindet ihn mit Hebel\u201c, so Habermaier in Anspielung auf den gro\u00dfen alemannischen Dichter,\u00a0 der f\u00fcr seine Bescheidenheit bekannt war.<\/p>\n<figure id=\"attachment_26040\" aria-describedby=\"caption-attachment-26040\" style=\"width: 333px\" class=\"wp-caption alignleft\"><a href=\"https:\/\/hebelbund.de\/wp-content\/uploads\/2022\/07\/HB-YB.jpg\" target=\"_blank\" rel=\"noopener noreferrer\"><img loading=\"lazy\" decoding=\"async\" class=\"wp-image-26040\" src=\"https:\/\/hebelbund.de\/wp-content\/uploads\/2022\/07\/HB-YB-300x225.jpg\" alt=\"\" width=\"333\" height=\"250\" srcset=\"https:\/\/hebelbund.de\/wp-content\/uploads\/2022\/07\/HB-YB-300x225.jpg 300w, https:\/\/hebelbund.de\/wp-content\/uploads\/2022\/07\/HB-YB-1024x768.jpg 1024w, https:\/\/hebelbund.de\/wp-content\/uploads\/2022\/07\/HB-YB-768x576.jpg 768w, https:\/\/hebelbund.de\/wp-content\/uploads\/2022\/07\/HB-YB-1536x1152.jpg 1536w, https:\/\/hebelbund.de\/wp-content\/uploads\/2022\/07\/HB-YB.jpg 2016w\" sizes=\"auto, (max-width: 333px) 100vw, 333px\" \/><\/a><figcaption id=\"caption-attachment-26040\" class=\"wp-caption-text\">Volker Habermaier (Zweiter von links) \u00fcberreicht Yves Bisch (Dritter von rechts) den Hebeldank.<\/figcaption><\/figure>\n<p>Yves Bisch zeigte sich stolz und dankbar, diesen Preis entgegennehmen zu d\u00fcrfen. Zugleich machte er deutlich, dass die Els\u00e4ssische Sprache immer weiter am Verschwinden ist. Sie werde kaum noch gesprochen, insbesondere nicht von Kinder und Jugendlichen. Damit das Els\u00e4ssische \u00fcberleben k\u00f6nne, m\u00fcsse es \u00fcberall anwesend sein: \u201ein der Schule, in der Familien, im Fernsehen oder im Netz\u201c, sagte er. \u201eDie Gegner des Els\u00e4ssischen sitzen nicht in Paris\u201c, so Bisch weiter. Sie sitzen im Elsass. Sogar bei manchen Veranstaltungen in els\u00e4ssischer Sprache sei es heute so, dass die Protagonisten im pers\u00f6nlichen Gespr\u00e4ch in Franz\u00f6sische wechselten. Das Els\u00e4ssische entwickle sich allm\u00e4hlich zu einer toten Sprache. \u201eViel wird \u00fcber das Verschwinden des Els\u00e4ssischen gesprochen, aber oft auf Franz\u00f6sisch.\u201c<\/p>\n<p>Yves Bisch setzt sich auf vielerlei Weise f\u00fcr den Erhalt der els\u00e4ssischen Sprache ein. So unterrichtet er Altenpflegerinnen und Altenpfleger in Els\u00e4ssisch. Ihm ist bei Besuchen in Pflegeheimen aufgefallen, dass viele demente und kranke Menschen das Franz\u00f6sische, das sie viele Jahre sprachen, vergessen und nur noch ihrer Muttersprache m\u00e4chtig sind. Doch die j\u00fcngeren Pflegerinnen und Pfleger kennen das Els\u00e4ssische oft nicht mehr und verstehen die Pflegebed\u00fcrftigen nicht. Bisch will mit dem Els\u00e4ssisch-Unterricht auch die alten Menschen aus ihrer Isolation holen.<\/p>\n<p>In seiner Rede hob Bisch hervor, dass das Els\u00e4ssische gerade in der Grenzregion zu einem Integrationsfaktor werden k\u00f6nne. \u201eDer Rhein trennt uns zwar, doch wir k\u00f6nnen Br\u00fccken bauen.\u201c Er pl\u00e4dierte daf\u00fcr, die Kinder zu lehren, diese Br\u00fccken zu \u00fcberschreiten. \u201eAber nicht nur Richtung Europapark oder Aldi.\u201c<\/p>\n<p>Und ganz am Ende kam er auf Hebel zu sprechen, der ihm auch mit Blick auf das Verschwinden des Els\u00e4ssischen Trost spende: \u201eBald denk i, s\u2019isch es b\u00f6si Zit und weger s\u2018End isch n\u00fcmme wit; bald denk i wider: Lo\u00df es goh, wenn\u2019s gnueg isch, wird\u2019s scho anderst cho.\u201c<\/p>\n<figure id=\"attachment_26041\" aria-describedby=\"caption-attachment-26041\" style=\"width: 225px\" class=\"wp-caption alignright\"><a href=\"https:\/\/hebelbund.de\/wp-content\/uploads\/2022\/07\/HB-YB-2.jpg\" target=\"_blank\" rel=\"noopener noreferrer\"><img loading=\"lazy\" decoding=\"async\" class=\"wp-image-26041 size-medium\" src=\"https:\/\/hebelbund.de\/wp-content\/uploads\/2022\/07\/HB-YB-2-225x300.jpg\" alt=\"\" width=\"225\" height=\"300\" srcset=\"https:\/\/hebelbund.de\/wp-content\/uploads\/2022\/07\/HB-YB-2-225x300.jpg 225w, https:\/\/hebelbund.de\/wp-content\/uploads\/2022\/07\/HB-YB-2-768x1024.jpg 768w, https:\/\/hebelbund.de\/wp-content\/uploads\/2022\/07\/HB-YB-2-1152x1536.jpg 1152w, https:\/\/hebelbund.de\/wp-content\/uploads\/2022\/07\/HB-YB-2.jpg 1512w\" sizes=\"auto, (max-width: 225px) 100vw, 225px\" \/><\/a><figcaption id=\"caption-attachment-26041\" class=\"wp-caption-text\">Hebeldank-Tr\u00e4ger Yves Bisch (rechts) und zwei Trachtentr\u00e4ger<\/figcaption><\/figure>\n<p>Der Autor Franz Littmann hob in seiner Festrede hervor,\u00a0 wie wichtig Hebel die Bildung war \u2013 auch auf seinen Reisen. \u201eEr sah im Reisen eine M\u00f6glichkeit, den\u00a0 Erfahrungsraum zu erweitern\u201c, sagte Littmann, der sich in vielen seiner Schriften mit Hebel auseinandersetzt. \u201eEr glaubte an den aufkl\u00e4rerischen Sinn des Reisens.\u201c Hebel sei auch wichtig gewesen, sich auf seinen Reisen von Vorurteilen zu befreien. Littmann zeigte sich skeptisch, ob die heutige Art des Reisens mit einer globalen Infrastruktur von Reiseveranstaltern und Hotels in Hebels aufkl\u00e4rerischem Sinne gewesen w\u00e4re. \u201eEs stellt sich hier die Frage, ob diese Art des Reisens nicht eher der Zementierung, statt dem Abbau von Vorurteilen dient\u201c, so Littmann.<\/p>\n<p>Inge Hemberger, die Vizepr\u00e4sidentin des Hebelbunds, dankte Yves Bisch, Franz Littmann und dem Pianisten Thomas Habermaier mit einem Blumenstrau\u00df.<\/p>\n<p>&nbsp;<\/p>\n<p>&nbsp;<\/p>\n<p><a href=\"https:\/\/hebelbund.de\/wp-content\/uploads\/2022\/07\/g.jpg\" target=\"_blank\" rel=\"noopener noreferrer\"><img loading=\"lazy\" decoding=\"async\" class=\"alignleft wp-image-26074\" src=\"https:\/\/hebelbund.de\/wp-content\/uploads\/2022\/07\/g-300x225.jpg\" alt=\"\" width=\"267\" height=\"200\" srcset=\"https:\/\/hebelbund.de\/wp-content\/uploads\/2022\/07\/g-300x225.jpg 300w, https:\/\/hebelbund.de\/wp-content\/uploads\/2022\/07\/g-1024x768.jpg 1024w, https:\/\/hebelbund.de\/wp-content\/uploads\/2022\/07\/g-768x576.jpg 768w, https:\/\/hebelbund.de\/wp-content\/uploads\/2022\/07\/g-1536x1152.jpg 1536w, https:\/\/hebelbund.de\/wp-content\/uploads\/2022\/07\/g.jpg 2016w\" sizes=\"auto, (max-width: 267px) 100vw, 267px\" \/><\/a><a href=\"https:\/\/hebelbund.de\/wp-content\/uploads\/2022\/07\/VH.jpg\" target=\"_blank\" rel=\"noopener noreferrer\"><img loading=\"lazy\" decoding=\"async\" class=\"alignleft wp-image-26072\" src=\"https:\/\/hebelbund.de\/wp-content\/uploads\/2022\/07\/VH-225x300.jpg\" alt=\"\" width=\"150\" height=\"200\" srcset=\"https:\/\/hebelbund.de\/wp-content\/uploads\/2022\/07\/VH-225x300.jpg 225w, https:\/\/hebelbund.de\/wp-content\/uploads\/2022\/07\/VH-768x1024.jpg 768w, https:\/\/hebelbund.de\/wp-content\/uploads\/2022\/07\/VH-1152x1536.jpg 1152w, https:\/\/hebelbund.de\/wp-content\/uploads\/2022\/07\/VH.jpg 1512w\" sizes=\"auto, (max-width: 150px) 100vw, 150px\" \/><\/a><a href=\"https:\/\/hebelbund.de\/wp-content\/uploads\/2022\/07\/p.jpg\" target=\"_blank\" rel=\"noopener noreferrer\"><img loading=\"lazy\" decoding=\"async\" class=\"alignleft wp-image-26071\" src=\"https:\/\/hebelbund.de\/wp-content\/uploads\/2022\/07\/p-300x225.jpg\" alt=\"\" width=\"267\" height=\"200\" srcset=\"https:\/\/hebelbund.de\/wp-content\/uploads\/2022\/07\/p-300x225.jpg 300w, https:\/\/hebelbund.de\/wp-content\/uploads\/2022\/07\/p-1024x768.jpg 1024w, https:\/\/hebelbund.de\/wp-content\/uploads\/2022\/07\/p-768x576.jpg 768w, https:\/\/hebelbund.de\/wp-content\/uploads\/2022\/07\/p-1536x1152.jpg 1536w, https:\/\/hebelbund.de\/wp-content\/uploads\/2022\/07\/p.jpg 2016w\" sizes=\"auto, (max-width: 267px) 100vw, 267px\" \/><\/a><\/p>\n","protected":false},"excerpt":{"rendered":"<p>Von Annemarie R\u00f6sch Der Hebelbund hat den els\u00e4ssischen Lyriker und franz\u00f6sischen Prosaschriftsteller Yves Bisch mit dem Hebeldank ausgezeichnet. \u201eVieles verbindet ihn mit Hebel\u201c, sagte Pr\u00e4sident Volker Habermaier bei der Verleihung des Preises am Sonntag, 10. Juli, im Dreil\u00e4ndermuseum in L\u00f6rrach. So ist Yves Bisch ebenso wie Hebel nicht nur ein Lyriker, sondern auch ein P\u00e4dagoge. &hellip; <a href=\"https:\/\/hebelbund.de\/?p=26038\" class=\"more-link\">Continue reading <span class=\"screen-reader-text\">Der Els\u00e4sser Yves Bisch erh\u00e4lt den Hebeldank<\/span><\/a><\/p>\n","protected":false},"author":4,"featured_media":0,"comment_status":"closed","ping_status":"closed","sticky":false,"template":"","format":"standard","meta":{"footnotes":""},"categories":[5,13],"tags":[],"class_list":["post-26038","post","type-post","status-publish","format-standard","hentry","category-hebeldanktraeger","category-presse-aktuell"],"_links":{"self":[{"href":"https:\/\/hebelbund.de\/index.php?rest_route=\/wp\/v2\/posts\/26038","targetHints":{"allow":["GET"]}}],"collection":[{"href":"https:\/\/hebelbund.de\/index.php?rest_route=\/wp\/v2\/posts"}],"about":[{"href":"https:\/\/hebelbund.de\/index.php?rest_route=\/wp\/v2\/types\/post"}],"author":[{"embeddable":true,"href":"https:\/\/hebelbund.de\/index.php?rest_route=\/wp\/v2\/users\/4"}],"replies":[{"embeddable":true,"href":"https:\/\/hebelbund.de\/index.php?rest_route=%2Fwp%2Fv2%2Fcomments&post=26038"}],"version-history":[{"count":19,"href":"https:\/\/hebelbund.de\/index.php?rest_route=\/wp\/v2\/posts\/26038\/revisions"}],"predecessor-version":[{"id":26086,"href":"https:\/\/hebelbund.de\/index.php?rest_route=\/wp\/v2\/posts\/26038\/revisions\/26086"}],"wp:attachment":[{"href":"https:\/\/hebelbund.de\/index.php?rest_route=%2Fwp%2Fv2%2Fmedia&parent=26038"}],"wp:term":[{"taxonomy":"category","embeddable":true,"href":"https:\/\/hebelbund.de\/index.php?rest_route=%2Fwp%2Fv2%2Fcategories&post=26038"},{"taxonomy":"post_tag","embeddable":true,"href":"https:\/\/hebelbund.de\/index.php?rest_route=%2Fwp%2Fv2%2Ftags&post=26038"}],"curies":[{"name":"wp","href":"https:\/\/api.w.org\/{rel}","templated":true}]}}