{"id":26110,"date":"2022-07-11T14:13:56","date_gmt":"2022-07-11T14:13:56","guid":{"rendered":"https:\/\/hebelbund.de\/?p=26110"},"modified":"2023-01-07T12:01:11","modified_gmt":"2023-01-07T12:01:11","slug":"26110","status":"publish","type":"post","link":"https:\/\/hebelbund.de\/?p=26110","title":{"rendered":"Badische Zeitung"},"content":{"rendered":"<p><strong>Hebeldank &#8211; Preistr\u00e4ger Yves Bisch warnt in L\u00f6rrach vor dem sprachlichen Herbst ums Els\u00e4ssische<\/strong><\/p>\n<p><strong><a href=\"https:\/\/www.badische-zeitung.de\/preistraeger-yves-bisch-warnt-in-loerrach-vor-dem-sprachlichen-herbst-ums-elsaessische--214903230.html\" target=\"_blank\" rel=\"noopener noreferrer\">zum Bericht &#8211; Badische Zeitung, 11. Juli 2022<\/a><\/strong><\/p>\n","protected":false},"excerpt":{"rendered":"<p>Hebeldank &#8211; Preistr\u00e4ger Yves Bisch warnt in L\u00f6rrach vor dem sprachlichen Herbst ums Els\u00e4ssische zum Bericht &#8211; Badische Zeitung, 11. Juli 2022<\/p>\n","protected":false},"author":4,"featured_media":0,"comment_status":"closed","ping_status":"closed","sticky":false,"template":"","format":"standard","meta":{"footnotes":""},"categories":[5,13],"tags":[],"class_list":["post-26110","post","type-post","status-publish","format-standard","hentry","category-hebeldanktraeger","category-presse-aktuell"],"_links":{"self":[{"href":"https:\/\/hebelbund.de\/index.php?rest_route=\/wp\/v2\/posts\/26110","targetHints":{"allow":["GET"]}}],"collection":[{"href":"https:\/\/hebelbund.de\/index.php?rest_route=\/wp\/v2\/posts"}],"about":[{"href":"https:\/\/hebelbund.de\/index.php?rest_route=\/wp\/v2\/types\/post"}],"author":[{"embeddable":true,"href":"https:\/\/hebelbund.de\/index.php?rest_route=\/wp\/v2\/users\/4"}],"replies":[{"embeddable":true,"href":"https:\/\/hebelbund.de\/index.php?rest_route=%2Fwp%2Fv2%2Fcomments&post=26110"}],"version-history":[{"count":4,"href":"https:\/\/hebelbund.de\/index.php?rest_route=\/wp\/v2\/posts\/26110\/revisions"}],"predecessor-version":[{"id":26114,"href":"https:\/\/hebelbund.de\/index.php?rest_route=\/wp\/v2\/posts\/26110\/revisions\/26114"}],"wp:attachment":[{"href":"https:\/\/hebelbund.de\/index.php?rest_route=%2Fwp%2Fv2%2Fmedia&parent=26110"}],"wp:term":[{"taxonomy":"category","embeddable":true,"href":"https:\/\/hebelbund.de\/index.php?rest_route=%2Fwp%2Fv2%2Fcategories&post=26110"},{"taxonomy":"post_tag","embeddable":true,"href":"https:\/\/hebelbund.de\/index.php?rest_route=%2Fwp%2Fv2%2Ftags&post=26110"}],"curies":[{"name":"wp","href":"https:\/\/api.w.org\/{rel}","templated":true}]}}