{"id":27496,"date":"2023-04-24T16:47:03","date_gmt":"2023-04-24T14:47:03","guid":{"rendered":"https:\/\/hebelbund.de\/?p=27496"},"modified":"2023-04-24T16:57:37","modified_gmt":"2023-04-24T14:57:37","slug":"verleihung-des-hebeldanks-2023-an-den-loerracher-und-weltenbuerger-klaus-m-leisinger-schatzkaestlein-im-dreilaendermuseum","status":"publish","type":"post","link":"https:\/\/hebelbund.de\/?p=27496","title":{"rendered":"Verleihung des Hebeldanks 2023 an den L\u00f6rracher und Weltenb\u00fcrger<br>Klaus M. Leisinger \/ \u201eSchatzk\u00e4stlein\u201c im Dreil\u00e4ndermuseum"},"content":{"rendered":"<p>L\u00f6rrach. Der Hebelbund L\u00f6rrach e.V. verleiht in diesem Jahr seinen Hebeldank an den Soziologen und \u00d6konomen Prof. Dr. Klaus M. Leisinger f\u00fcr sein Wirken im Sinne eines Hebelschen Humanismus. Die Verleihung findet im Rahmen des \u201eSchatzk\u00e4stleins\u201c am 14. Mai 2023 um 11:30 im Dreil\u00e4ndermuseum statt. Die Laudatio h\u00e4lt der Pr\u00e4sident des Hebelbundes Volker Habermaier.Leisinger ist Gr\u00fcnder und Pr\u00e4sident der \u201eStiftung Globale Werte Allianz\u201c, einer gemeinn\u00fctzigen Stiftung, die sich auf der Basis wissenschaftlich gesicherter Erkenntnisse der Unternehmensethik und Theorie der gesellschaftlichen Verantwortung von Unternehmen die praktische Umsetzung global akzeptierter ethischer Werte und Normen in Wirtschaft, Politik und Gesellschaft zur Aufgabe macht. Leisinger widmet sich besonders der Entwicklungsarbeit, h\u00e4ufig auch im Auftrag internationaler Organisationen wie der Vereinten Nationen.<\/p>\n<p>Obwohl \u2013 oder gerade deshalb \u2013 Weltenb\u00fcrger, ist Leisinger zugleich bekennender L\u00f6rracher. Die Bedeutung, die Johann Peter Hebel f\u00fcr ihn hat, beschrieb er 2021 beim \u201eSchatzk\u00e4stlein\u201c so: Das bei Hebel \u201ezum Ausdruck kommende Menschenbild und die innige Verbundenheit mit unserer Heimat ohne v\u00f6lkische Nebent\u00f6ne widerspiegelt f\u00fcr mich das, was ich die alemannische Seele nenne \u2013 jene Seele, der ich mich im Tiefsten verwandt f\u00fchle.\u201c Und bei der Verleihung der Ehrendoktorw\u00fcrde einer britischen Universit\u00e4t zitierte Leisinger einige alemannische Verse aus \u201eDer Wegweiser. Guter Rath zum Abschied\u201c: \u201eUnd wenn de amme Chr\u00fczweg stohsch, \/ Und n\u00fcmme weisch, wo&#8217;s ane goht, \/ Halt still, und frog di Gwisse z&#8217;erst, \/ &#8217;s cha d\u00fctsch, Gottlob, und folg si&#8217;m Roth.\u201c<\/p>\n<p>Der Ehrenpreis des Hebelbundes wird seit 1949 an Pers\u00f6nlichkeiten verliehen, die sich um den Vereinszweck in besonderer Weise verdient gemacht haben: n\u00e4mlich die dauernde W\u00fcrdigung Johann Peter Hebels und Pflege seiner Werke und Sprache f\u00fcr die gegenw\u00e4rtige Zeit. Er besteht in einer bibliophil ausgestatteten Ausgabe von Hebels \u201eSchatzk\u00e4stlein\u201c.<\/p>\n<p><a href=\"https:\/\/hebelbund.de\/wp-content\/uploads\/2023\/04\/Klaus-Leisinger.-Foto-von-Dejan-Jovanovic-scaled.jpg\" target=\"_blank\" rel=\"noopener\"><img loading=\"lazy\" decoding=\"async\" class=\"alignnone wp-image-27497 size-medium\" src=\"https:\/\/hebelbund.de\/wp-content\/uploads\/2023\/04\/Klaus-Leisinger.-Foto-von-Dejan-Jovanovic-279x300.jpg\" alt=\"\" width=\"279\" height=\"300\" srcset=\"https:\/\/hebelbund.de\/wp-content\/uploads\/2023\/04\/Klaus-Leisinger.-Foto-von-Dejan-Jovanovic-279x300.jpg 279w, https:\/\/hebelbund.de\/wp-content\/uploads\/2023\/04\/Klaus-Leisinger.-Foto-von-Dejan-Jovanovic-952x1024.jpg 952w, https:\/\/hebelbund.de\/wp-content\/uploads\/2023\/04\/Klaus-Leisinger.-Foto-von-Dejan-Jovanovic-768x826.jpg 768w, https:\/\/hebelbund.de\/wp-content\/uploads\/2023\/04\/Klaus-Leisinger.-Foto-von-Dejan-Jovanovic-1427x1536.jpg 1427w, https:\/\/hebelbund.de\/wp-content\/uploads\/2023\/04\/Klaus-Leisinger.-Foto-von-Dejan-Jovanovic-1903x2048.jpg 1903w\" sizes=\"auto, (max-width: 279px) 100vw, 279px\" \/><\/a><\/p>\n<p>Klaus M. Leisinger, Foto: Dejan Jovanovic<\/p>\n<p>&gt;&gt; <a href=\"https:\/\/hebelbund.de\/wp-content\/uploads\/2023\/04\/Schatzkaestlein_2023_Preistraeger_KlausMLeisinger.pdf\" target=\"_blank\" rel=\"noopener\">Informationen als PDF\u00a0<\/a><\/p>\n","protected":false},"excerpt":{"rendered":"<p>L\u00f6rrach. Der Hebelbund L\u00f6rrach e.V. verleiht in diesem Jahr seinen Hebeldank an den Soziologen und \u00d6konomen Prof. Dr. Klaus M. Leisinger f\u00fcr sein Wirken im Sinne eines Hebelschen Humanismus. Die Verleihung findet im Rahmen des \u201eSchatzk\u00e4stleins\u201c am 14. Mai 2023 um 11:30 im Dreil\u00e4ndermuseum statt. Die Laudatio h\u00e4lt der Pr\u00e4sident des Hebelbundes Volker Habermaier.Leisinger ist &hellip; <a href=\"https:\/\/hebelbund.de\/?p=27496\" class=\"more-link\">Continue reading <span class=\"screen-reader-text\">Verleihung des Hebeldanks 2023 an den L\u00f6rracher und Weltenb\u00fcrger<br \/>Klaus M. Leisinger \/ \u201eSchatzk\u00e4stlein\u201c im Dreil\u00e4ndermuseum<\/span><\/a><\/p>\n","protected":false},"author":4,"featured_media":0,"comment_status":"closed","ping_status":"closed","sticky":false,"template":"","format":"standard","meta":{"footnotes":""},"categories":[5,13],"tags":[],"class_list":["post-27496","post","type-post","status-publish","format-standard","hentry","category-hebeldanktraeger","category-presse-aktuell"],"_links":{"self":[{"href":"https:\/\/hebelbund.de\/index.php?rest_route=\/wp\/v2\/posts\/27496","targetHints":{"allow":["GET"]}}],"collection":[{"href":"https:\/\/hebelbund.de\/index.php?rest_route=\/wp\/v2\/posts"}],"about":[{"href":"https:\/\/hebelbund.de\/index.php?rest_route=\/wp\/v2\/types\/post"}],"author":[{"embeddable":true,"href":"https:\/\/hebelbund.de\/index.php?rest_route=\/wp\/v2\/users\/4"}],"replies":[{"embeddable":true,"href":"https:\/\/hebelbund.de\/index.php?rest_route=%2Fwp%2Fv2%2Fcomments&post=27496"}],"version-history":[{"count":8,"href":"https:\/\/hebelbund.de\/index.php?rest_route=\/wp\/v2\/posts\/27496\/revisions"}],"predecessor-version":[{"id":27506,"href":"https:\/\/hebelbund.de\/index.php?rest_route=\/wp\/v2\/posts\/27496\/revisions\/27506"}],"wp:attachment":[{"href":"https:\/\/hebelbund.de\/index.php?rest_route=%2Fwp%2Fv2%2Fmedia&parent=27496"}],"wp:term":[{"taxonomy":"category","embeddable":true,"href":"https:\/\/hebelbund.de\/index.php?rest_route=%2Fwp%2Fv2%2Fcategories&post=27496"},{"taxonomy":"post_tag","embeddable":true,"href":"https:\/\/hebelbund.de\/index.php?rest_route=%2Fwp%2Fv2%2Ftags&post=27496"}],"curies":[{"name":"wp","href":"https:\/\/api.w.org\/{rel}","templated":true}]}}