{"id":27536,"date":"2024-03-22T18:25:49","date_gmt":"2024-03-22T17:25:49","guid":{"rendered":"https:\/\/hebelbund.de\/?p=27536"},"modified":"2024-04-13T10:32:54","modified_gmt":"2024-04-13T08:32:54","slug":"autor-pierre-kretz-erhaelt-johann-peter-hebel-preis-2024","status":"publish","type":"post","link":"https:\/\/hebelbund.de\/?p=27536","title":{"rendered":"Autor Pierre Kretz erh\u00e4lt Johann-Peter-Hebel-Preis 2024"},"content":{"rendered":"<p>&#8222;Der Hebelbund freut sich, dass Pierre Kretz einen der wichtigsten Literaturpreise des Landes Baden-W\u00fcrttemberg erhalten hat. Wir gratulieren unserem Mitglied, dem Hebeldanktr\u00e4ger 2019, herzlich und freuen uns auf die weitere Zusammenarbeit.&#8220;<\/p>\n<figure id=\"attachment_27537\" aria-describedby=\"caption-attachment-27537\" style=\"width: 300px\" class=\"wp-caption alignleft\"><a href=\"https:\/\/hebelbund.de\/wp-content\/uploads\/2024\/03\/Hebel_Preistraeger.jpg\" target=\"_blank\" rel=\"noopener\"><img loading=\"lazy\" decoding=\"async\" class=\"wp-image-27537 size-medium\" src=\"https:\/\/hebelbund.de\/wp-content\/uploads\/2024\/03\/Hebel_Preistraeger-300x162.jpg\" alt=\"\" width=\"300\" height=\"162\" srcset=\"https:\/\/hebelbund.de\/wp-content\/uploads\/2024\/03\/Hebel_Preistraeger-300x162.jpg 300w, https:\/\/hebelbund.de\/wp-content\/uploads\/2024\/03\/Hebel_Preistraeger-768x414.jpg 768w, https:\/\/hebelbund.de\/wp-content\/uploads\/2024\/03\/Hebel_Preistraeger.jpg 1010w\" sizes=\"auto, (max-width: 300px) 100vw, 300px\" \/><\/a><figcaption id=\"caption-attachment-27537\" class=\"wp-caption-text\">Foto: Jean Louis Hess<\/figcaption><\/figure>\n<p>Der im Elsass geborene Autor Pierre Kretz wird mit dem Johann-Peter-Hebel-Preis des Landes Baden-W\u00fcrttemberg ausgezeichnet. Der Preis ist erstmals mit 20.000 Euro dotiert und wird alle zwei Jahre anl\u00e4sslich des Geburtstags von Johann Peter Hebel (1760-1826) am 10. Mai im Rahmen des Hebelfestes in Hausen im Wiesental verliehen. Die Preistr\u00e4gerinnen und Preistr\u00e4ger stehen in der Tradition des alemannischen Dichters der Aufkl\u00e4rung mit Bewusstsein f\u00fcr Tradition, regionale Sprache und Heimatverbundenheit. &#8230;<\/p>\n<p>&gt;&gt; <a href=\"https:\/\/hebelbund.de\/wp-content\/uploads\/2024\/03\/PM_MWK_Hebelpreis_2024.pdf\" target=\"_blank\" rel=\"noopener\">weiterlesen &#8211; Pressemitteilung als PDF<\/a><\/p>\n","protected":false},"excerpt":{"rendered":"<p>&#8222;Der Hebelbund freut sich, dass Pierre Kretz einen der wichtigsten Literaturpreise des Landes Baden-W\u00fcrttemberg erhalten hat. Wir gratulieren unserem Mitglied, dem Hebeldanktr\u00e4ger 2019, herzlich und freuen uns auf die weitere Zusammenarbeit.&#8220; Der im Elsass geborene Autor Pierre Kretz wird mit dem Johann-Peter-Hebel-Preis des Landes Baden-W\u00fcrttemberg ausgezeichnet. Der Preis ist erstmals mit 20.000 Euro dotiert und &hellip; <a href=\"https:\/\/hebelbund.de\/?p=27536\" class=\"more-link\">Continue reading <span class=\"screen-reader-text\">Autor Pierre Kretz erh\u00e4lt Johann-Peter-Hebel-Preis 2024<\/span><\/a><\/p>\n","protected":false},"author":4,"featured_media":0,"comment_status":"closed","ping_status":"closed","sticky":false,"template":"","format":"standard","meta":{"footnotes":""},"categories":[6,13],"tags":[],"class_list":["post-27536","post","type-post","status-publish","format-standard","hentry","category-hebelpreistraeger","category-presse-aktuell"],"_links":{"self":[{"href":"https:\/\/hebelbund.de\/index.php?rest_route=\/wp\/v2\/posts\/27536","targetHints":{"allow":["GET"]}}],"collection":[{"href":"https:\/\/hebelbund.de\/index.php?rest_route=\/wp\/v2\/posts"}],"about":[{"href":"https:\/\/hebelbund.de\/index.php?rest_route=\/wp\/v2\/types\/post"}],"author":[{"embeddable":true,"href":"https:\/\/hebelbund.de\/index.php?rest_route=\/wp\/v2\/users\/4"}],"replies":[{"embeddable":true,"href":"https:\/\/hebelbund.de\/index.php?rest_route=%2Fwp%2Fv2%2Fcomments&post=27536"}],"version-history":[{"count":7,"href":"https:\/\/hebelbund.de\/index.php?rest_route=\/wp\/v2\/posts\/27536\/revisions"}],"predecessor-version":[{"id":27548,"href":"https:\/\/hebelbund.de\/index.php?rest_route=\/wp\/v2\/posts\/27536\/revisions\/27548"}],"wp:attachment":[{"href":"https:\/\/hebelbund.de\/index.php?rest_route=%2Fwp%2Fv2%2Fmedia&parent=27536"}],"wp:term":[{"taxonomy":"category","embeddable":true,"href":"https:\/\/hebelbund.de\/index.php?rest_route=%2Fwp%2Fv2%2Fcategories&post=27536"},{"taxonomy":"post_tag","embeddable":true,"href":"https:\/\/hebelbund.de\/index.php?rest_route=%2Fwp%2Fv2%2Ftags&post=27536"}],"curies":[{"name":"wp","href":"https:\/\/api.w.org\/{rel}","templated":true}]}}