{"id":27551,"date":"2024-04-13T10:18:57","date_gmt":"2024-04-13T08:18:57","guid":{"rendered":"https:\/\/hebelbund.de\/?p=27551"},"modified":"2024-04-13T10:28:36","modified_gmt":"2024-04-13T08:28:36","slug":"der-hebelbund-ist-geehrt-die-hebeldanktraegerin-2024-bekannt-geben-zu-koennen-christa-heimann-buss","status":"publish","type":"post","link":"https:\/\/hebelbund.de\/?p=27551","title":{"rendered":"Der Hebelbund ist geehrt, die Hebeldanktr\u00e4gerin 2024 bekannt geben zu k\u00f6nnen: <br>Christa Heimann-Bu\u00df."},"content":{"rendered":"<p><strong>Verleihung des Hebeldanks 2024 an die Autorin Christa Heimann-Bu\u00df.<\/strong><\/p>\n<p><em>Der Hebelbund L\u00f6rrach e.V. verleiht in diesem Jahr seinen Hebeldank an die Autorin Christa Heimann-Bu\u00df aus Kandern. Frau Heimann-Bu\u00df hat sich in vielf\u00e4ltiger Weise um die s\u00fcdbadische Heimat, ihre Sprache und ihre Kultur verdient gemacht. Die Verleihung findet im Rahmen des \u201eSchatzk\u00e4stleins\u201c am 21. April 2024 um 11:30 im Dreil\u00e4ndermuseum statt. Die Laudatio h\u00e4lt der Pr\u00e4sident des Hebelbundes Volker Habermaier.<\/em><\/p>\n<figure id=\"attachment_27552\" aria-describedby=\"caption-attachment-27552\" style=\"width: 191px\" class=\"wp-caption alignleft\"><a href=\"https:\/\/hebelbund.de\/wp-content\/uploads\/2024\/04\/Heimann-Buss.png\" target=\"_blank\" rel=\"noopener\"><img loading=\"lazy\" decoding=\"async\" class=\"wp-image-27552 size-medium\" src=\"https:\/\/hebelbund.de\/wp-content\/uploads\/2024\/04\/Heimann-Buss-191x300.png\" alt=\"\" width=\"191\" height=\"300\" srcset=\"https:\/\/hebelbund.de\/wp-content\/uploads\/2024\/04\/Heimann-Buss-191x300.png 191w, https:\/\/hebelbund.de\/wp-content\/uploads\/2024\/04\/Heimann-Buss-653x1024.png 653w, https:\/\/hebelbund.de\/wp-content\/uploads\/2024\/04\/Heimann-Buss-768x1204.png 768w, https:\/\/hebelbund.de\/wp-content\/uploads\/2024\/04\/Heimann-Buss-980x1536.png 980w, https:\/\/hebelbund.de\/wp-content\/uploads\/2024\/04\/Heimann-Buss-1306x2048.png 1306w\" sizes=\"auto, (max-width: 191px) 100vw, 191px\" \/><\/a><figcaption id=\"caption-attachment-27552\" class=\"wp-caption-text\">Photographin: Franziska Heimann<\/figcaption><\/figure>\n<p>Christa Heimann-Bu\u00df, 1946 im Markgr\u00e4flerland geboren, schreibt seit vielen Jahren wie Johann Peter Hebel sowohl in alemannischer Mundart als auch in der Standardsprache. Gedichte, Kurzprosa und Theaterst\u00fccke z\u00e4hlen zu ihrem Werk. Heimann-Bu\u00df ist auch als Organisatorin von Mundartveranstaltungen hervorgetreten, so etwa seit 2020 als &#8222;Hebelv\u00f6gtin&#8220;, als Vorsitzende der Hebelfreunde Hertingen. Dabei tritt sie gern in der Tracht einer Markgr\u00e4flerin auf, singt Lieder &#8211; zwei Jahrzehnte lang mit Werner Wi\u00dfner und Hansfrieder Geugelin als &#8222;Trio Blauewind&#8220; &#8211; und tr\u00e4gt eigene Texte vor.<\/p>\n<p>Der Ehrenpreis des Hebelbundes wird seit 1949 an Pers\u00f6nlichkeiten verliehen, die sich um den Vereinszweck in besonderer Weise verdient gemacht haben: n\u00e4mlich die dauernde W\u00fcrdigung Johann Peter Hebels und Pflege seiner Werke und Sprache f\u00fcr die gegenw\u00e4rtige Zeit. Er besteht in einer bibliophil ausgestatteten Ausgabe von Hebels \u201eSchatzk\u00e4stlein&#8220;.<\/p>\n","protected":false},"excerpt":{"rendered":"<p>Verleihung des Hebeldanks 2024 an die Autorin Christa Heimann-Bu\u00df. Der Hebelbund L\u00f6rrach e.V. verleiht in diesem Jahr seinen Hebeldank an die Autorin Christa Heimann-Bu\u00df aus Kandern. Frau Heimann-Bu\u00df hat sich in vielf\u00e4ltiger Weise um die s\u00fcdbadische Heimat, ihre Sprache und ihre Kultur verdient gemacht. Die Verleihung findet im Rahmen des \u201eSchatzk\u00e4stleins\u201c am 21. April 2024 &hellip; <a href=\"https:\/\/hebelbund.de\/?p=27551\" class=\"more-link\">Continue reading <span class=\"screen-reader-text\">Der Hebelbund ist geehrt, die Hebeldanktr\u00e4gerin 2024 bekannt geben zu k\u00f6nnen: <br \/>Christa Heimann-Bu\u00df.<\/span><\/a><\/p>\n","protected":false},"author":4,"featured_media":0,"comment_status":"closed","ping_status":"closed","sticky":false,"template":"","format":"standard","meta":{"footnotes":""},"categories":[5,13],"tags":[],"class_list":["post-27551","post","type-post","status-publish","format-standard","hentry","category-hebeldanktraeger","category-presse-aktuell"],"_links":{"self":[{"href":"https:\/\/hebelbund.de\/index.php?rest_route=\/wp\/v2\/posts\/27551","targetHints":{"allow":["GET"]}}],"collection":[{"href":"https:\/\/hebelbund.de\/index.php?rest_route=\/wp\/v2\/posts"}],"about":[{"href":"https:\/\/hebelbund.de\/index.php?rest_route=\/wp\/v2\/types\/post"}],"author":[{"embeddable":true,"href":"https:\/\/hebelbund.de\/index.php?rest_route=\/wp\/v2\/users\/4"}],"replies":[{"embeddable":true,"href":"https:\/\/hebelbund.de\/index.php?rest_route=%2Fwp%2Fv2%2Fcomments&post=27551"}],"version-history":[{"count":12,"href":"https:\/\/hebelbund.de\/index.php?rest_route=\/wp\/v2\/posts\/27551\/revisions"}],"predecessor-version":[{"id":27565,"href":"https:\/\/hebelbund.de\/index.php?rest_route=\/wp\/v2\/posts\/27551\/revisions\/27565"}],"wp:attachment":[{"href":"https:\/\/hebelbund.de\/index.php?rest_route=%2Fwp%2Fv2%2Fmedia&parent=27551"}],"wp:term":[{"taxonomy":"category","embeddable":true,"href":"https:\/\/hebelbund.de\/index.php?rest_route=%2Fwp%2Fv2%2Fcategories&post=27551"},{"taxonomy":"post_tag","embeddable":true,"href":"https:\/\/hebelbund.de\/index.php?rest_route=%2Fwp%2Fv2%2Ftags&post=27551"}],"curies":[{"name":"wp","href":"https:\/\/api.w.org\/{rel}","templated":true}]}}