{"id":27589,"date":"2024-10-15T16:50:04","date_gmt":"2024-10-15T14:50:04","guid":{"rendered":"https:\/\/hebelbund.de\/?p=27589"},"modified":"2024-10-15T16:57:04","modified_gmt":"2024-10-15T14:57:04","slug":"mit-hebel-unterwegs-in-altweil","status":"publish","type":"post","link":"https:\/\/hebelbund.de\/?p=27589","title":{"rendered":"\u201eMit Hebel unterwegs\u2026\u201c in Altweil"},"content":{"rendered":"<p>Am Sonntag, 22. September 2024, von 14.30 &#8211; 16.00 Uhr<\/p>\n<figure id=\"attachment_27587\" aria-describedby=\"caption-attachment-27587\" style=\"width: 300px\" class=\"wp-caption alignnone\"><a href=\"https:\/\/hebelbund.de\/wp-content\/uploads\/2024\/10\/Altweil-Bericht-mit-Hebel-unterwegs-1.jpg\" target=\"_blank\" rel=\"noopener\"><img loading=\"lazy\" decoding=\"async\" class=\"wp-image-27587 size-medium\" src=\"https:\/\/hebelbund.de\/wp-content\/uploads\/2024\/10\/Altweil-Bericht-mit-Hebel-unterwegs-1-300x275.jpg\" alt=\"\" width=\"300\" height=\"275\" srcset=\"https:\/\/hebelbund.de\/wp-content\/uploads\/2024\/10\/Altweil-Bericht-mit-Hebel-unterwegs-1-300x275.jpg 300w, https:\/\/hebelbund.de\/wp-content\/uploads\/2024\/10\/Altweil-Bericht-mit-Hebel-unterwegs-1.jpg 612w\" sizes=\"auto, (max-width: 300px) 100vw, 300px\" \/><\/a><figcaption id=\"caption-attachment-27587\" class=\"wp-caption-text\">Foto Prof. Schrade<\/figcaption><\/figure>\n<p>Bei sch\u00f6nstem Wetter fand sich eine interessierte Schar am Lindenplatz vor der Dorfkirche in Weil ein. \u00dcber Johann Peter Hebel und Altweil gab es viel zu erz\u00e4hlen, vor allem \u00fcber seine Beziehung und den Briefwechsel mit Gustave Fecht, welche hier zuhause war.<br \/>\nInge Hemberger, die Vizepr\u00e4sidentin des Hebelbundes, f\u00fchrte alle in die Kirche und zur Grabtafel aussen an der Kirchmauer, Helen Liebend\u00f6rfer zeigte das Stapflehus und spazierte zum Pfarrhaus, wo Hebel einst Gustave Fecht jeweils besucht hatte. Jede Station wurde erg\u00e4nzt mit einem passenden Brief von Hebel an seine Gustave. Zum Schluss plauderten und diskutierten alle bei einem Glas Weisswein und Gugelhopf unter den B\u00e4umen beim Pfarrhausgarten.<\/p>\n<p><a href=\"https:\/\/hebelbund.de\/wp-content\/uploads\/2024\/10\/Altweil-Bericht-mit-Hebel-unterwegs-2.jpg\" target=\"_blank\" rel=\"noopener\"><img loading=\"lazy\" decoding=\"async\" class=\"alignnone wp-image-27588 size-medium\" src=\"https:\/\/hebelbund.de\/wp-content\/uploads\/2024\/10\/Altweil-Bericht-mit-Hebel-unterwegs-2-300x200.jpg\" alt=\"\" width=\"300\" height=\"200\" srcset=\"https:\/\/hebelbund.de\/wp-content\/uploads\/2024\/10\/Altweil-Bericht-mit-Hebel-unterwegs-2-300x200.jpg 300w, https:\/\/hebelbund.de\/wp-content\/uploads\/2024\/10\/Altweil-Bericht-mit-Hebel-unterwegs-2.jpg 720w\" sizes=\"auto, (max-width: 300px) 100vw, 300px\" \/><\/a><\/p>\n<p><a href=\"\/wp-content\/uploads\/2024\/10\/Altweil-Bericht-mit-Hebel-unterwegs.pdf\" target=\"_blank\" rel=\"noopener\"><strong>Bericht als PDF<\/strong><\/a><\/p>\n","protected":false},"excerpt":{"rendered":"<p>Am Sonntag, 22. September 2024, von 14.30 &#8211; 16.00 Uhr Bei sch\u00f6nstem Wetter fand sich eine interessierte Schar am Lindenplatz vor der Dorfkirche in Weil ein. \u00dcber Johann Peter Hebel und Altweil gab es viel zu erz\u00e4hlen, vor allem \u00fcber seine Beziehung und den Briefwechsel mit Gustave Fecht, welche hier zuhause war. Inge Hemberger, die &hellip; <a href=\"https:\/\/hebelbund.de\/?p=27589\" class=\"more-link\">Continue reading <span class=\"screen-reader-text\">\u201eMit Hebel unterwegs\u2026\u201c in Altweil<\/span><\/a><\/p>\n","protected":false},"author":4,"featured_media":0,"comment_status":"closed","ping_status":"closed","sticky":false,"template":"","format":"standard","meta":{"footnotes":""},"categories":[13],"tags":[],"class_list":["post-27589","post","type-post","status-publish","format-standard","hentry","category-presse-aktuell"],"_links":{"self":[{"href":"https:\/\/hebelbund.de\/index.php?rest_route=\/wp\/v2\/posts\/27589","targetHints":{"allow":["GET"]}}],"collection":[{"href":"https:\/\/hebelbund.de\/index.php?rest_route=\/wp\/v2\/posts"}],"about":[{"href":"https:\/\/hebelbund.de\/index.php?rest_route=\/wp\/v2\/types\/post"}],"author":[{"embeddable":true,"href":"https:\/\/hebelbund.de\/index.php?rest_route=\/wp\/v2\/users\/4"}],"replies":[{"embeddable":true,"href":"https:\/\/hebelbund.de\/index.php?rest_route=%2Fwp%2Fv2%2Fcomments&post=27589"}],"version-history":[{"count":4,"href":"https:\/\/hebelbund.de\/index.php?rest_route=\/wp\/v2\/posts\/27589\/revisions"}],"predecessor-version":[{"id":27594,"href":"https:\/\/hebelbund.de\/index.php?rest_route=\/wp\/v2\/posts\/27589\/revisions\/27594"}],"wp:attachment":[{"href":"https:\/\/hebelbund.de\/index.php?rest_route=%2Fwp%2Fv2%2Fmedia&parent=27589"}],"wp:term":[{"taxonomy":"category","embeddable":true,"href":"https:\/\/hebelbund.de\/index.php?rest_route=%2Fwp%2Fv2%2Fcategories&post=27589"},{"taxonomy":"post_tag","embeddable":true,"href":"https:\/\/hebelbund.de\/index.php?rest_route=%2Fwp%2Fv2%2Ftags&post=27589"}],"curies":[{"name":"wp","href":"https:\/\/api.w.org\/{rel}","templated":true}]}}