{"id":27636,"date":"2025-04-24T16:51:08","date_gmt":"2025-04-24T14:51:08","guid":{"rendered":"https:\/\/hebelbund.de\/?p=27636"},"modified":"2025-04-24T16:51:08","modified_gmt":"2025-04-24T14:51:08","slug":"hans-joerg-renk-erhaelt-den-hebeldank-2025-des-hebelbundes-loerrachbrueckenbauer-im-dreiland","status":"publish","type":"post","link":"https:\/\/hebelbund.de\/?p=27636","title":{"rendered":"Hans-J\u00f6rg Renk erh\u00e4lt den Hebeldank 2025 des Hebelbundes L\u00f6rrach<br>Br\u00fcckenbauer im Dreiland"},"content":{"rendered":"<figure id=\"attachment_27639\" aria-describedby=\"caption-attachment-27639\" style=\"width: 243px\" class=\"wp-caption alignleft\"><a href=\"https:\/\/hebelbund.de\/wp-content\/uploads\/2025\/04\/HJ-Renk.jpg\" target=\"_blank\" rel=\"noopener\"><img loading=\"lazy\" decoding=\"async\" class=\"wp-image-27639 size-medium\" src=\"https:\/\/hebelbund.de\/wp-content\/uploads\/2025\/04\/HJ-Renk-243x300.jpg\" alt=\"\" width=\"243\" height=\"300\" srcset=\"https:\/\/hebelbund.de\/wp-content\/uploads\/2025\/04\/HJ-Renk-243x300.jpg 243w, https:\/\/hebelbund.de\/wp-content\/uploads\/2025\/04\/HJ-Renk-831x1024.jpg 831w, https:\/\/hebelbund.de\/wp-content\/uploads\/2025\/04\/HJ-Renk-768x947.jpg 768w, https:\/\/hebelbund.de\/wp-content\/uploads\/2025\/04\/HJ-Renk-1246x1536.jpg 1246w, https:\/\/hebelbund.de\/wp-content\/uploads\/2025\/04\/HJ-Renk-1662x2048.jpg 1662w, https:\/\/hebelbund.de\/wp-content\/uploads\/2025\/04\/HJ-Renk.jpg 1785w\" sizes=\"auto, (max-width: 243px) 100vw, 243px\" \/><\/a><figcaption id=\"caption-attachment-27639\" class=\"wp-caption-text\">Urheberin: Wiebke Steffen-Tiffert<\/figcaption><\/figure>\n<p><em>F\u00fcr seine vielf\u00e4ltige T\u00e4tigkeit als Vermittler zwischen der Schweiz, dem Elsass und Baden erh\u00e4lt der ehemalige Schweizer Diplomat Dr. Hans-J\u00f6rg Renk den diesj\u00e4hrigen Hebeldank des Hebelbundes L\u00f6rrach<\/em><\/p>\n<p><em>Hans-J\u00f6rg Renk setzt sich seit vielen Jahren als Anreger und Organisator f\u00fcr kulturellen Austausch im Dreiland ein, im Besonderen im Rahmen der &#8222;Elsass-Freunde Basel&#8220; auch f\u00fcr den Erhalt des Els\u00e4sser Deutsch. Hans-J\u00f6rg Renk charakterisiert die Arbeit der Elsass-Freunde so: &#8222;Interessant f\u00fcr uns ist das Elsass, weil wir eine gemeinsame Sprache haben, mit Nuancen. Wir sind auch mit dem s\u00fcdbadischen Raum eng verbunden. Wir sind ein echter trinationaler Verein.&#8220;<\/em><\/p>\n<p><em>Damit wird Hans-J\u00f6rg Renk dem Erbe Johann Peter Hebels in au\u00dfergew\u00f6hnlicher Weise gerecht: Hebel wurde ja in Basel geboren, wirkte in Baden und hatte vielf\u00e4ltige pers\u00f6nliche Beziehungen ins Elsass.<\/em><\/p>\n<p><em>Der Hebeldank wird im Rahmen des &#8222;Schatzk\u00e4stleins&#8220;, also der j\u00e4hrlichen Festversammlung des Hebelbundes L\u00f6rrach, am 4. Mai 2025, 11:30 im Dreil\u00e4ndermuseum L\u00f6rrach vom Pr\u00e4sidenten des Hebelbundes Volker Habermaier \u00fcberreicht.<\/em><\/p>\n<p><em>Den Festvortrag beim &#8222;Schatzk\u00e4stlein&#8220; h\u00e4lt in diesem Jahr Prof. Dr. Alexander Honold von der Universit\u00e4t Basel zum Thema &#8222;Kalendergeschichte(n). Hebel und die Folgen&#8220;.<\/em><\/p>\n","protected":false},"excerpt":{"rendered":"<p>F\u00fcr seine vielf\u00e4ltige T\u00e4tigkeit als Vermittler zwischen der Schweiz, dem Elsass und Baden erh\u00e4lt der ehemalige Schweizer Diplomat Dr. Hans-J\u00f6rg Renk den diesj\u00e4hrigen Hebeldank des Hebelbundes L\u00f6rrach Hans-J\u00f6rg Renk setzt sich seit vielen Jahren als Anreger und Organisator f\u00fcr kulturellen Austausch im Dreiland ein, im Besonderen im Rahmen der &#8222;Elsass-Freunde Basel&#8220; auch f\u00fcr den Erhalt &hellip; <a href=\"https:\/\/hebelbund.de\/?p=27636\" class=\"more-link\">Continue reading <span class=\"screen-reader-text\">Hans-J\u00f6rg Renk erh\u00e4lt den Hebeldank 2025 des Hebelbundes L\u00f6rrach<br \/>Br\u00fcckenbauer im Dreiland<\/span><\/a><\/p>\n","protected":false},"author":4,"featured_media":0,"comment_status":"closed","ping_status":"closed","sticky":false,"template":"","format":"standard","meta":{"footnotes":""},"categories":[5,13],"tags":[],"class_list":["post-27636","post","type-post","status-publish","format-standard","hentry","category-hebeldanktraeger","category-presse-aktuell"],"_links":{"self":[{"href":"https:\/\/hebelbund.de\/index.php?rest_route=\/wp\/v2\/posts\/27636","targetHints":{"allow":["GET"]}}],"collection":[{"href":"https:\/\/hebelbund.de\/index.php?rest_route=\/wp\/v2\/posts"}],"about":[{"href":"https:\/\/hebelbund.de\/index.php?rest_route=\/wp\/v2\/types\/post"}],"author":[{"embeddable":true,"href":"https:\/\/hebelbund.de\/index.php?rest_route=\/wp\/v2\/users\/4"}],"replies":[{"embeddable":true,"href":"https:\/\/hebelbund.de\/index.php?rest_route=%2Fwp%2Fv2%2Fcomments&post=27636"}],"version-history":[{"count":6,"href":"https:\/\/hebelbund.de\/index.php?rest_route=\/wp\/v2\/posts\/27636\/revisions"}],"predecessor-version":[{"id":27643,"href":"https:\/\/hebelbund.de\/index.php?rest_route=\/wp\/v2\/posts\/27636\/revisions\/27643"}],"wp:attachment":[{"href":"https:\/\/hebelbund.de\/index.php?rest_route=%2Fwp%2Fv2%2Fmedia&parent=27636"}],"wp:term":[{"taxonomy":"category","embeddable":true,"href":"https:\/\/hebelbund.de\/index.php?rest_route=%2Fwp%2Fv2%2Fcategories&post=27636"},{"taxonomy":"post_tag","embeddable":true,"href":"https:\/\/hebelbund.de\/index.php?rest_route=%2Fwp%2Fv2%2Ftags&post=27636"}],"curies":[{"name":"wp","href":"https:\/\/api.w.org\/{rel}","templated":true}]}}