{"id":27650,"date":"2022-08-11T17:01:50","date_gmt":"2022-08-11T15:01:50","guid":{"rendered":"https:\/\/hebelbund.de\/?p=27650"},"modified":"2025-08-11T17:09:52","modified_gmt":"2025-08-11T15:09:52","slug":"monika-helfer-hebelpreistraegerin-2022","status":"publish","type":"post","link":"https:\/\/hebelbund.de\/?p=27650","title":{"rendered":"Monika Helfer, Hebelpreistr\u00e4gerin 2022"},"content":{"rendered":"<p>&nbsp;<\/p>\n<figure id=\"attachment_27651\" aria-describedby=\"caption-attachment-27651\" style=\"width: 660px\" class=\"wp-caption alignnone\"><a href=\"https:\/\/hebelbund.de\/wp-content\/uploads\/2025\/08\/Helfer_Monika_c_Nini_Tschavoll-scaled.jpg\" target=\"_blank\" rel=\"noopener\"><img loading=\"lazy\" decoding=\"async\" class=\"wp-image-27651 size-large\" src=\"https:\/\/hebelbund.de\/wp-content\/uploads\/2025\/08\/Helfer_Monika_c_Nini_Tschavoll-1024x683.jpg\" alt=\"\" width=\"660\" height=\"440\" srcset=\"https:\/\/hebelbund.de\/wp-content\/uploads\/2025\/08\/Helfer_Monika_c_Nini_Tschavoll-1024x683.jpg 1024w, https:\/\/hebelbund.de\/wp-content\/uploads\/2025\/08\/Helfer_Monika_c_Nini_Tschavoll-300x200.jpg 300w, https:\/\/hebelbund.de\/wp-content\/uploads\/2025\/08\/Helfer_Monika_c_Nini_Tschavoll-768x512.jpg 768w, https:\/\/hebelbund.de\/wp-content\/uploads\/2025\/08\/Helfer_Monika_c_Nini_Tschavoll-1536x1024.jpg 1536w, https:\/\/hebelbund.de\/wp-content\/uploads\/2025\/08\/Helfer_Monika_c_Nini_Tschavoll-2048x1365.jpg 2048w\" sizes=\"auto, (max-width: 660px) 100vw, 660px\" \/><\/a><figcaption id=\"caption-attachment-27651\" class=\"wp-caption-text\">\u00a9Hanser-Verlag \/ Foto: Nini Tschavoll<\/figcaption><\/figure>\n<p>Das Land hat den Johann-Peter-Hebel-Preis an die \u00f6sterreichische Schriftstellerin Monika Helfer vergeben. Die Jury w\u00fcrdigte ihren n\u00fcchtern-unpathetischen Erz\u00e4hlstil und die pr\u00e4zise und empathische Zeichnung der Figuren.<\/p>\n<p><strong><a href=\"https:\/\/www.baden-wuerttemberg.de\/de\/service\/presse\/pressemitteilung\/pid\/johann-peter-hebel-preis-fuer-monika-helfer\" target=\"_blank\" rel=\"noopener\">Pressemitteilung des Ministeriums<\/a><\/strong><\/p>\n","protected":false},"excerpt":{"rendered":"<p>&nbsp; Das Land hat den Johann-Peter-Hebel-Preis an die \u00f6sterreichische Schriftstellerin Monika Helfer vergeben. Die Jury w\u00fcrdigte ihren n\u00fcchtern-unpathetischen Erz\u00e4hlstil und die pr\u00e4zise und empathische Zeichnung der Figuren. Pressemitteilung des Ministeriums<\/p>\n","protected":false},"author":4,"featured_media":0,"comment_status":"closed","ping_status":"closed","sticky":false,"template":"","format":"standard","meta":{"footnotes":""},"categories":[6,13],"tags":[],"class_list":["post-27650","post","type-post","status-publish","format-standard","hentry","category-hebelpreistraeger","category-presse-aktuell"],"_links":{"self":[{"href":"https:\/\/hebelbund.de\/index.php?rest_route=\/wp\/v2\/posts\/27650","targetHints":{"allow":["GET"]}}],"collection":[{"href":"https:\/\/hebelbund.de\/index.php?rest_route=\/wp\/v2\/posts"}],"about":[{"href":"https:\/\/hebelbund.de\/index.php?rest_route=\/wp\/v2\/types\/post"}],"author":[{"embeddable":true,"href":"https:\/\/hebelbund.de\/index.php?rest_route=\/wp\/v2\/users\/4"}],"replies":[{"embeddable":true,"href":"https:\/\/hebelbund.de\/index.php?rest_route=%2Fwp%2Fv2%2Fcomments&post=27650"}],"version-history":[{"count":7,"href":"https:\/\/hebelbund.de\/index.php?rest_route=\/wp\/v2\/posts\/27650\/revisions"}],"predecessor-version":[{"id":27660,"href":"https:\/\/hebelbund.de\/index.php?rest_route=\/wp\/v2\/posts\/27650\/revisions\/27660"}],"wp:attachment":[{"href":"https:\/\/hebelbund.de\/index.php?rest_route=%2Fwp%2Fv2%2Fmedia&parent=27650"}],"wp:term":[{"taxonomy":"category","embeddable":true,"href":"https:\/\/hebelbund.de\/index.php?rest_route=%2Fwp%2Fv2%2Fcategories&post=27650"},{"taxonomy":"post_tag","embeddable":true,"href":"https:\/\/hebelbund.de\/index.php?rest_route=%2Fwp%2Fv2%2Ftags&post=27650"}],"curies":[{"name":"wp","href":"https:\/\/api.w.org\/{rel}","templated":true}]}}