{"id":27654,"date":"2026-02-01T16:05:44","date_gmt":"2026-02-01T15:05:44","guid":{"rendered":"https:\/\/hebelbund.de\/?p=27654"},"modified":"2026-04-01T17:57:11","modified_gmt":"2026-04-01T15:57:11","slug":"literarischen-begegnungen-2","status":"publish","type":"post","link":"https:\/\/hebelbund.de\/?p=27654","title":{"rendered":"&#8222;Matin\u00e9en&#8220;, &#8222;Literarischen Begegnungen&#8220; und &#8222;Mit Hebel unterwegs&#8220; 2026"},"content":{"rendered":"<p>Im Gedenkjahr 2026 laden wir Hebelpreistr\u00e4ger des Landes wieder nach L\u00f6rrach ein.<br \/>\nDie &#8222;Literarischen Begegnungen&#8220; finden jeweils um 17:00 im Dreil\u00e4ndermuseum statt:<\/p>\n<p><strong>So kommt es 2026 zu einer (Wieder-)Begegnung mit<\/strong><\/p>\n<ul>\n<li>1. M\u00e4rz 2026: Karl-Heinz Ott (Hebelpreis 2012)<\/li>\n<li>17. Mai 2026: Monika Helfer (Hebelpreis 2022) und Michael K\u00f6hlmeier (Hebelpreis 1988)<\/li>\n<li>27. September 2026: Arnold Stadler (Hebelpreis 2010)<\/li>\n<li>15. November 2026: Lukas B\u00e4rfuss (Hebelpreis 2016)<\/li>\n<\/ul>\n<p>Au\u00dferdem finden wieder <strong>sonnt\u00e4gliche Matin\u00e9en<br \/>\n<\/strong>(11 Uhr) im Dreil\u00e4ndermuseum statt<strong>:<\/strong><\/p>\n<ul>\n<li>14. Juni 2026: <strong>Uli F\u00fchre<\/strong> mit Liedern zu Texten von Hebel und anderen<\/li>\n<li>11. Oktober 2026: <strong>Thomas Wei\u00df<\/strong> mit &#8222;Johann Peter Hebel. Der Heimatfl\u00fcsterer&#8220;<\/li>\n<li>13. Dezember 2026: <strong>&#8222;Hebel Wirkungen&#8220;. Urs Faes, Markus Manfred Jung und Pierre Kretz<\/strong> (Hebelpreis 2024) lesen Texte von Hebel und antworten auf sie.<br \/>\nSebastian Mattm\u00fcller, Pr\u00e4sident der Basler Hebelstiftung, spricht ein Gru\u00dfwort und steuert eine musikalische \u00dcberraschung bei \u00a0(Kooperation mit der Basler Hebelstiftung)<\/li>\n<\/ul>\n<p>Vorank\u00fcndigung: Eine Matin\u00e9e zu Jonas Breitenstein, dem Pionier der Baselbieter Mundartliteratur, an dessen 150. Todestag wir 2027 erinnern, findet zu Beginn\u00a0des Gedenkjahres statt. Als Referenten und Vortragenden haben wir R\u00e9my Suter eingeladen. Sie werden \u00fcber den Termin informiert.<\/p>\n<p>Seit \u00fcber einem Jahrzehnt ist es auch gute Tradition geworden, dass wir den jeweils aktuellen Preistr\u00e4ger \/ die jeweils aktuelle Preistr\u00e4gerin im Jahr nach der Verleihung ins Dreil\u00e4ndermuseum einladen. Freuen Sie sich 2027 auf eine Begegnung mit <strong>Annette Pehnt<\/strong>.<\/p>\n<p>Der Eintritt zu allen Veranstaltungen ist frei; um eine angemessene Spende wird gebeten.\u00a0Einf\u00fchrende Worte spricht der Pr\u00e4sident des Hebelbundes Volker Habermaier.<\/p>\n<p>Au\u00dferdem fahren wir in unserer Reihe <strong>&#8222;Mit Hebel unterwegs&#8220;<\/strong> am 200. Todestag Hebels (26.09.2026) nach Schwetzingen und besuchen sein Grab. N\u00e4here Informationen und Anmeldung bei <a href=\"mailto:hemberger.inge@gmail.com\">hemberger.inge@gmail.com<\/a>.<\/p>\n","protected":false},"excerpt":{"rendered":"<p>Im Gedenkjahr 2026 laden wir Hebelpreistr\u00e4ger des Landes wieder nach L\u00f6rrach ein. Die &#8222;Literarischen Begegnungen&#8220; finden jeweils um 17:00 im Dreil\u00e4ndermuseum statt: So kommt es 2026 zu einer (Wieder-)Begegnung mit 1. M\u00e4rz 2026: Karl-Heinz Ott (Hebelpreis 2012) 17. Mai 2026: Monika Helfer (Hebelpreis 2022) und Michael K\u00f6hlmeier (Hebelpreis 1988) 27. September 2026: Arnold Stadler (Hebelpreis &hellip; <a href=\"https:\/\/hebelbund.de\/?p=27654\" class=\"more-link\">Continue reading <span class=\"screen-reader-text\">&#8222;Matin\u00e9en&#8220;, &#8222;Literarischen Begegnungen&#8220; und &#8222;Mit Hebel unterwegs&#8220; 2026<\/span><\/a><\/p>\n","protected":false},"author":4,"featured_media":0,"comment_status":"closed","ping_status":"closed","sticky":false,"template":"","format":"standard","meta":{"footnotes":""},"categories":[6,13],"tags":[],"class_list":["post-27654","post","type-post","status-publish","format-standard","hentry","category-hebelpreistraeger","category-presse-aktuell"],"_links":{"self":[{"href":"https:\/\/hebelbund.de\/index.php?rest_route=\/wp\/v2\/posts\/27654","targetHints":{"allow":["GET"]}}],"collection":[{"href":"https:\/\/hebelbund.de\/index.php?rest_route=\/wp\/v2\/posts"}],"about":[{"href":"https:\/\/hebelbund.de\/index.php?rest_route=\/wp\/v2\/types\/post"}],"author":[{"embeddable":true,"href":"https:\/\/hebelbund.de\/index.php?rest_route=\/wp\/v2\/users\/4"}],"replies":[{"embeddable":true,"href":"https:\/\/hebelbund.de\/index.php?rest_route=%2Fwp%2Fv2%2Fcomments&post=27654"}],"version-history":[{"count":10,"href":"https:\/\/hebelbund.de\/index.php?rest_route=\/wp\/v2\/posts\/27654\/revisions"}],"predecessor-version":[{"id":27712,"href":"https:\/\/hebelbund.de\/index.php?rest_route=\/wp\/v2\/posts\/27654\/revisions\/27712"}],"wp:attachment":[{"href":"https:\/\/hebelbund.de\/index.php?rest_route=%2Fwp%2Fv2%2Fmedia&parent=27654"}],"wp:term":[{"taxonomy":"category","embeddable":true,"href":"https:\/\/hebelbund.de\/index.php?rest_route=%2Fwp%2Fv2%2Fcategories&post=27654"},{"taxonomy":"post_tag","embeddable":true,"href":"https:\/\/hebelbund.de\/index.php?rest_route=%2Fwp%2Fv2%2Ftags&post=27654"}],"curies":[{"name":"wp","href":"https:\/\/api.w.org\/{rel}","templated":true}]}}