{"id":27713,"date":"2026-04-07T07:53:29","date_gmt":"2026-04-07T05:53:29","guid":{"rendered":"https:\/\/hebelbund.de\/?p=27713"},"modified":"2026-04-16T18:06:23","modified_gmt":"2026-04-16T16:06:23","slug":"schatzkaestlein","status":"publish","type":"post","link":"https:\/\/hebelbund.de\/?p=27713","title":{"rendered":"&#8222;Schatzk\u00e4stlein&#8220;"},"content":{"rendered":"<p>Liebe Hebel-Freunde, sehr geehrte Damen und Herren,<\/p>\n<p>das j\u00e4hrliche &#8222;Schatzk\u00e4stlein&#8220; in L\u00f6rrach, der Festakt zum Geburtstag Johann Peter Hebels, wird in diesem Jahr &#8211; dem Gedenkjahr des 200. Todestages &#8211; am 26. April 2026 besonders festlich begangen:<\/p>\n<ul>\n<li>Um 10:00 feiern wir einen Hebel-Gottesdienst mit <strong>Pr\u00e4lat Dr. Marc Witzenbacher<\/strong> und <strong>Pfarrerin Gudrun Mauvais<\/strong> in der renovierten Stadtkirche L\u00f6rrach<\/li>\n<li>Um 11:30 beginnt der Festakt &#8222;Schatzk\u00e4stlein&#8220; im Dreil\u00e4ndermuseum L\u00f6rrach mit dem Festvortrag von <strong>Prof. Dr. Thomas Schmidt<\/strong>, dem\u00a0Leiter der Arbeitsstelle f\u00fcr literarische Museen, Archive und Gedenkst\u00e4tten in Baden-W\u00fcrttemberg in Marbach am Neckar zum Thema <strong>&#8222;Hebels Orte&#8220;<\/strong><\/li>\n<\/ul>\n<p>Danach findet die Verleihung des Hebeldanks an den Berner Organisten und Schriftsteller <strong>Erwin Messmer<\/strong> statt.Wie Hebel auch schreibt er in Standardsprache und in Mundart. H\u00e4ufig wurde er als &#8222;heiterer Melancholiker&#8220; bezeichnet. Musikalisch wird der Festakt von dem aus der Region stammenden Geiger Gregor H\u00e4nssler mit Werken u.a. von Heinrich Wilhelm Ernst und Nicola Matteis gestaltet. Durch den Festakt f\u00fchrt der Pr\u00e4sident des Hebelbundes L\u00f6rrach Volker Habermaier, der auch die Laudatio h\u00e4lt.<\/p>\n<ul>\n<li>Nach dem Festakt laden Dreil\u00e4ndermuseum und Hebelbund zu einem Ap\u00e9ro ein.<\/li>\n<li>Der Eintritt ist wie immer beim Hebelbund frei; um eine angemessene Spende wird gebeten.<\/li>\n<\/ul>\n","protected":false},"excerpt":{"rendered":"<p>Liebe Hebel-Freunde, sehr geehrte Damen und Herren, das j\u00e4hrliche &#8222;Schatzk\u00e4stlein&#8220; in L\u00f6rrach, der Festakt zum Geburtstag Johann Peter Hebels, wird in diesem Jahr &#8211; dem Gedenkjahr des 200. Todestages &#8211; am 26. April 2026 besonders festlich begangen: Um 10:00 feiern wir einen Hebel-Gottesdienst mit Pr\u00e4lat Dr. Marc Witzenbacher und Pfarrerin Gudrun Mauvais in der renovierten &hellip; <a href=\"https:\/\/hebelbund.de\/?p=27713\" class=\"more-link\">Continue reading <span class=\"screen-reader-text\">&#8222;Schatzk\u00e4stlein&#8220;<\/span><\/a><\/p>\n","protected":false},"author":4,"featured_media":0,"comment_status":"closed","ping_status":"closed","sticky":false,"template":"","format":"standard","meta":{"footnotes":""},"categories":[13],"tags":[],"class_list":["post-27713","post","type-post","status-publish","format-standard","hentry","category-presse-aktuell"],"_links":{"self":[{"href":"https:\/\/hebelbund.de\/index.php?rest_route=\/wp\/v2\/posts\/27713","targetHints":{"allow":["GET"]}}],"collection":[{"href":"https:\/\/hebelbund.de\/index.php?rest_route=\/wp\/v2\/posts"}],"about":[{"href":"https:\/\/hebelbund.de\/index.php?rest_route=\/wp\/v2\/types\/post"}],"author":[{"embeddable":true,"href":"https:\/\/hebelbund.de\/index.php?rest_route=\/wp\/v2\/users\/4"}],"replies":[{"embeddable":true,"href":"https:\/\/hebelbund.de\/index.php?rest_route=%2Fwp%2Fv2%2Fcomments&post=27713"}],"version-history":[{"count":2,"href":"https:\/\/hebelbund.de\/index.php?rest_route=\/wp\/v2\/posts\/27713\/revisions"}],"predecessor-version":[{"id":27721,"href":"https:\/\/hebelbund.de\/index.php?rest_route=\/wp\/v2\/posts\/27713\/revisions\/27721"}],"wp:attachment":[{"href":"https:\/\/hebelbund.de\/index.php?rest_route=%2Fwp%2Fv2%2Fmedia&parent=27713"}],"wp:term":[{"taxonomy":"category","embeddable":true,"href":"https:\/\/hebelbund.de\/index.php?rest_route=%2Fwp%2Fv2%2Fcategories&post=27713"},{"taxonomy":"post_tag","embeddable":true,"href":"https:\/\/hebelbund.de\/index.php?rest_route=%2Fwp%2Fv2%2Ftags&post=27713"}],"curies":[{"name":"wp","href":"https:\/\/api.w.org\/{rel}","templated":true}]}}