{"id":5374,"date":"2020-05-05T08:22:22","date_gmt":"2020-05-05T08:22:22","guid":{"rendered":"http:\/\/hebelbund.de\/?p=5374"},"modified":"2023-01-07T12:01:39","modified_gmt":"2023-01-07T12:01:39","slug":"baselbieter-heimatblaetter-1-2-2020","status":"publish","type":"post","link":"https:\/\/hebelbund.de\/?p=5374","title":{"rendered":"Johann Peter Hebel in den \u00abBaselbieter Heimatbl\u00e4ttern\u00bb"},"content":{"rendered":"<p>Die Zeitschrift \u00abBaselbieter Heimatbl\u00e4tter\u00bb, herausgeben von der Gesellschaft f\u00fcr Regionale Kulturgeschichte Baselland, blickt trotz des Titels immer wieder \u00fcber den Tellerrand von Baselland hinaus ins oberrheinische Dreiland. Die Anl\u00e4sse sind aber nie willk\u00fcrlich, sondern rechtfertigen sich stets durch kulturhistorische Bez\u00fcge. Solche sind bei Johann Peter Hebel zweifellos gegeben. Seine Pers\u00f6nlichkeit, sein Werk und sein Nachwirken sind namentlich mit der Nordwestschweiz eng verbunden und \u00fcberwinden alle k\u00fcnstlich gezogenen Grenzen.<\/p>\n<p>Wie schon vielfach zuvor widmet sich nun auch die Nummer 1-2\/2020 dem Werk von Johann Peter Hebel, zum 260. Geburtstag bietet die Doppelnummer gleich drei Beitr\u00e4ge.<\/p>\n<p>Im gewichtigem Aufsatz: \u00abDie unfreundliche Seite des \u2018Rheinl\u00e4ndischen Hausfreunds\u2019\u00bb stellt Hans Nutzinger an den Kalendergeschichten \u00fcber Andreas Hofer und mit Juden als Akteure \u00dcberlegungen zu einer Haltung Hebels ein, die so gar nicht ins allgemein bekannte Bild des Dichterpfarrers passen will. In einem weiteren, aber k\u00fcrzeren Beitrag weist Dominik Wunderlin darauf hin, dass Hebel das Medium \u00abBild\u00bb, das um 1800 dank neuen Reproduktionsm\u00f6glichkeiten kosteng\u00fcnstiger wird, auch nutzte und bei den Bildinhalten sogar oft mitredete. Im Rezensionsteil der neuesten Nummer wird schliesslich die eben in 2. Auflage erschienene, sechsb\u00e4ndige Lese- und Studienausgabe von Hebels Werk ausf\u00fchrlich besprochen.<\/p>\n<p>Weitere Textbeitr\u00e4ge handeln von der Fastnacht in Krisen- und Kriegszeiten, von einem bemerkenswerten Fund von Renaissance-Ofenkacheln und vom neuen Arch\u00e4ologiesaal im Colmarer Unterlinden-Museum.<\/p>\n<p>Baselbieter Heimatbl\u00e4tter, 85. Jahrgang, Heft 1-2\/2020, 64 Seiten.<\/p>\n<p>Bezugsquelle: SchaubMedien, Heimatbl\u00e4tter, CH-4450 Sissach, <a href=\"mailto:abo@schaubmedien.ch\">abo@schaubmedien.ch<\/a><\/p>\n","protected":false},"excerpt":{"rendered":"<p>Die Zeitschrift \u00abBaselbieter Heimatbl\u00e4tter\u00bb, herausgeben von der Gesellschaft f\u00fcr Regionale Kulturgeschichte Baselland, blickt trotz des Titels immer wieder \u00fcber den Tellerrand von Baselland hinaus ins oberrheinische Dreiland. Die Anl\u00e4sse sind aber nie willk\u00fcrlich, sondern rechtfertigen sich stets durch kulturhistorische Bez\u00fcge. Solche sind bei Johann Peter Hebel zweifellos gegeben. Seine Pers\u00f6nlichkeit, sein Werk und sein Nachwirken &hellip; <a href=\"https:\/\/hebelbund.de\/?p=5374\" class=\"more-link\">Continue reading <span class=\"screen-reader-text\">Johann Peter Hebel in den \u00abBaselbieter Heimatbl\u00e4ttern\u00bb<\/span><\/a><\/p>\n","protected":false},"author":3,"featured_media":0,"comment_status":"closed","ping_status":"closed","sticky":false,"template":"","format":"standard","meta":{"footnotes":""},"categories":[7,1],"tags":[],"class_list":["post-5374","post","type-post","status-publish","format-standard","hentry","category-literatur-ueber-j-p-hebel","category-uncategorized"],"_links":{"self":[{"href":"https:\/\/hebelbund.de\/index.php?rest_route=\/wp\/v2\/posts\/5374","targetHints":{"allow":["GET"]}}],"collection":[{"href":"https:\/\/hebelbund.de\/index.php?rest_route=\/wp\/v2\/posts"}],"about":[{"href":"https:\/\/hebelbund.de\/index.php?rest_route=\/wp\/v2\/types\/post"}],"author":[{"embeddable":true,"href":"https:\/\/hebelbund.de\/index.php?rest_route=\/wp\/v2\/users\/3"}],"replies":[{"embeddable":true,"href":"https:\/\/hebelbund.de\/index.php?rest_route=%2Fwp%2Fv2%2Fcomments&post=5374"}],"version-history":[{"count":4,"href":"https:\/\/hebelbund.de\/index.php?rest_route=\/wp\/v2\/posts\/5374\/revisions"}],"predecessor-version":[{"id":5436,"href":"https:\/\/hebelbund.de\/index.php?rest_route=\/wp\/v2\/posts\/5374\/revisions\/5436"}],"wp:attachment":[{"href":"https:\/\/hebelbund.de\/index.php?rest_route=%2Fwp%2Fv2%2Fmedia&parent=5374"}],"wp:term":[{"taxonomy":"category","embeddable":true,"href":"https:\/\/hebelbund.de\/index.php?rest_route=%2Fwp%2Fv2%2Fcategories&post=5374"},{"taxonomy":"post_tag","embeddable":true,"href":"https:\/\/hebelbund.de\/index.php?rest_route=%2Fwp%2Fv2%2Ftags&post=5374"}],"curies":[{"name":"wp","href":"https:\/\/api.w.org\/{rel}","templated":true}]}}