{"id":680,"date":"2015-11-16T15:51:41","date_gmt":"2015-11-16T15:51:41","guid":{"rendered":"http:\/\/wp.hebelbund.de\/?p=680"},"modified":"2015-11-16T15:54:14","modified_gmt":"2015-11-16T15:54:14","slug":"rezension-zu-thomas-wilhelmi-hsg-johann-peter-hebel-1760-1826","status":"publish","type":"post","link":"https:\/\/hebelbund.de\/?p=680","title":{"rendered":"Rezension zu: Thomas Wilhelmi (Hsg): \u00abJohann Peter Hebel (1760\u20141826)\u00bb"},"content":{"rendered":"<p><em><span class=\"style8\">Riehener Zeitung vom 25. Februar 2011<\/span><\/em><\/p>\n<p><span class=\"ueberschrift\"><strong>AUFSATZBAND<\/strong><br \/>\nNeue Beobachtungen zu altbekannten Werken<\/span><\/p>\n<p><span class=\"normtextbold\">Der ganze Hebel<\/span><\/p>\n<p><span class=\"normtext\">mf Obwohl wir bereits den 250. Geburtstag von Johann Peter Hebel feiern und im Laufe der vergangenen zweieinhalb Jahrhunderte immer wieder B\u00fccher \u00fcber sein relativ schmales literarisches Werk publiziert worden sind, ist es offensichtlich m\u00f6glich, immer wieder Neues in seinen Werken zu beobachten. Das zeigt sich im Aufsatzband mit dem schlichten Titel \u00abJohann Peter Hebel (1760\u20141826)\u00bb, herausgegeben von Thomas Wilhelmi, Germanist, Historiker und Leiter der Naturschutzgruppe Riehen, der auch einen eigenen Aufsatz beigesteuert hat. Ob tats\u00e4chlich 283 Seiten ausreichend sind, um den ganzen Hebel zu Papier zu bringen, wie dies der erste Aufsatz der Sammlung in seinem Titel suggeriert, darf nat\u00fcrlich in Frage gestellt werden. Sicherlich aber finden sich ganz unterschiedliche Facetten und auch Aspekte, die so noch nicht behandelt wurden.<\/span><\/p>\n<p>Der Eingangsaufsatz, das \u00abHebel Panorama Der ganze Hebel\u00bb von Volker Habermaier, Hans-J\u00fcrgen Schmidt und Dominik Wunderlin geht \u00fcber eine gew\u00f6hnliche Kurzbiografie hinaus und zeigt Hebels Leben in mehreren Welten. Da sind zun\u00e4chst die verschiedenen Welten, in denen sich seine Eltern bewegten, Hebels unterschiedliche Berufe und Berufungen als Lehrer, Prediger und Theologe sowie als Dichter und Mundartdichter. Auch das Thema Hebel und die Frauen wird er\u00f6rtert, und sein grenz\u00fcberschreitender Blick auf die Dinge, die mit seiner geografischen und sozialen Herkunft zusammenh\u00e4ngt.<\/p>\n<p>Ein bemerkenswerter Beitrag, mit dessen Thema Generationen von Sch\u00fclerinnen und Sch\u00fclern Erinnerungen verbinden, ist Burckhard D\u00fcckers \u00abSo sprach der Richter und dabei blieb es\u00bb. Der Autor untersuchte diverse Texte Hebels in Schulb\u00fcchern vom 19. bis 21. Jahrhundert und deren literaturgeschichtliche Funktion. Entwicklungslinien, Gemeinsamkeiten und Unterschiede wurden innerhalb der zwei Jahrhunderte herausgearbeitet, und immer wieder kommen Pers\u00f6nlichkeiten zu Wort, die sich \u00fcber Hebels K\u00f6nnen als Dichter beziehungsweise seine blosse Lesebuchtauglichkeit \u00e4usserten.<\/p>\n<p>Nebst einer juristischen Abhandlung \u00fcber das historische Vorbild von Hebels \u00abZirkelschmiedgeschichten\u00bb und einem Beitrag, der sich auf die Ambiguit\u00e4t von Hebels ber\u00fchmten Kalendergeschichten konzentriert, finden sich auch zwei Aufs\u00e4tze, die eindr\u00fccklich vor Augen f\u00fchren, wie kompromisslos Hebel vom damals \u00fcblichen abendl\u00e4ndischen Denken abwich. Der mehrdeutige Wahrheitsbegriff des Judentums, der sich etwa in Diskussionen mit offenem, unabgeschlossenen Ausgang niederschl\u00e4gt, diente Hebel als Vorbild und schlug sich in seinen witzigen und zum Nachdenken anregenden Dichtungen nieder. Der letzte Beitrag des Aufsatzbands sei noch erw\u00e4hnt: Darin besch\u00e4ftigt sich der Herausgeber Thomas Wilhelmi mit der Basler Mundartdichtung im Gefolge Hebels und zeigt auf, dass die Basler Mundartdichtung, die ja bis heute intensiv gepflegt wird, ihre Urspr\u00fcnge in den \u00abAlemannischen Gedichten\u00bb Hebels hat. Man orientierte sich so stark an seinem Vorbild, dass anfangs sogar die alemannische der baseldeutschen Aussprache vorgezogen wurde.<\/p>\n<p><span class=\"infoblack\">Thomas Wilhelmi (Hsg): \u00abJohann Peter Hebel (1760\u20141826)\u00bb. Weidler Buchverlag. <\/span><\/p>\n<p><strong><span class=\"infoblack\">ISBN 978-3-89693-281-5.<\/span><\/strong><\/p>\n<p><a href=\"http:\/\/wp.hebelbund.de\/?p=678\">zur\u00fcck &gt;<\/a><\/p>\n","protected":false},"excerpt":{"rendered":"<p>Riehener Zeitung vom 25. Februar 2011 AUFSATZBAND Neue Beobachtungen zu altbekannten Werken Der ganze Hebel mf Obwohl wir bereits den 250. Geburtstag von Johann Peter Hebel feiern und im Laufe der vergangenen zweieinhalb Jahrhunderte immer wieder B\u00fccher \u00fcber sein relativ schmales literarisches Werk publiziert worden sind, ist es offensichtlich m\u00f6glich, immer wieder Neues in seinen &hellip; <a href=\"https:\/\/hebelbund.de\/?p=680\" class=\"more-link\">Continue reading <span class=\"screen-reader-text\">Rezension zu: Thomas Wilhelmi (Hsg): \u00abJohann Peter Hebel (1760\u20141826)\u00bb<\/span><\/a><\/p>\n","protected":false},"author":3,"featured_media":0,"comment_status":"closed","ping_status":"open","sticky":false,"template":"","format":"standard","meta":{"footnotes":""},"categories":[9],"tags":[],"class_list":["post-680","post","type-post","status-publish","format-standard","hentry","category-rezension"],"_links":{"self":[{"href":"https:\/\/hebelbund.de\/index.php?rest_route=\/wp\/v2\/posts\/680","targetHints":{"allow":["GET"]}}],"collection":[{"href":"https:\/\/hebelbund.de\/index.php?rest_route=\/wp\/v2\/posts"}],"about":[{"href":"https:\/\/hebelbund.de\/index.php?rest_route=\/wp\/v2\/types\/post"}],"author":[{"embeddable":true,"href":"https:\/\/hebelbund.de\/index.php?rest_route=\/wp\/v2\/users\/3"}],"replies":[{"embeddable":true,"href":"https:\/\/hebelbund.de\/index.php?rest_route=%2Fwp%2Fv2%2Fcomments&post=680"}],"version-history":[{"count":2,"href":"https:\/\/hebelbund.de\/index.php?rest_route=\/wp\/v2\/posts\/680\/revisions"}],"predecessor-version":[{"id":683,"href":"https:\/\/hebelbund.de\/index.php?rest_route=\/wp\/v2\/posts\/680\/revisions\/683"}],"wp:attachment":[{"href":"https:\/\/hebelbund.de\/index.php?rest_route=%2Fwp%2Fv2%2Fmedia&parent=680"}],"wp:term":[{"taxonomy":"category","embeddable":true,"href":"https:\/\/hebelbund.de\/index.php?rest_route=%2Fwp%2Fv2%2Fcategories&post=680"},{"taxonomy":"post_tag","embeddable":true,"href":"https:\/\/hebelbund.de\/index.php?rest_route=%2Fwp%2Fv2%2Ftags&post=680"}],"curies":[{"name":"wp","href":"https:\/\/api.w.org\/{rel}","templated":true}]}}