{"id":941,"date":"2016-02-19T10:53:33","date_gmt":"2016-02-19T10:53:33","guid":{"rendered":"http:\/\/hebelbund.de\/?p=941"},"modified":"2016-03-07T13:47:50","modified_gmt":"2016-03-07T13:47:50","slug":"liedermacher-beim-hebelbund","status":"publish","type":"post","link":"https:\/\/hebelbund.de\/?p=941","title":{"rendered":"Liedermacher beim Hebelbund"},"content":{"rendered":"<p><strong>Abend mit den Jauchs.<\/strong><\/p>\n<p><span class=\"ngSpitzmarke\">L\u00d6RRACH (BZ).<\/span> Am Sonntag, 28. Februar werden Pius und Carmen Jauch um 17 Uhr im Hebelsaal des Dreil\u00e4ndermuseums L\u00f6rrach einen schw\u00e4bisch-alemannischen Liederabend pr\u00e4sentieren: &#8222;Wolk am Horizont&#8220;.<\/p>\n<p><a href=\"http:\/\/www.badische-zeitung.de\/loerrach\/liedermacher-beim-hebelbund\" target=\"_blank\">Badische Zeitung vom 19.2.2016<\/a>\u00a0<strong><span style=\"color: #ff0000;\">HB<\/span><\/strong><\/p>\n","protected":false},"excerpt":{"rendered":"<p>Abend mit den Jauchs. L\u00d6RRACH (BZ). Am Sonntag, 28. Februar werden Pius und Carmen Jauch um 17 Uhr im Hebelsaal des Dreil\u00e4ndermuseums L\u00f6rrach einen schw\u00e4bisch-alemannischen Liederabend pr\u00e4sentieren: &#8222;Wolk am Horizont&#8220;. Badische Zeitung vom 19.2.2016\u00a0HB<\/p>\n","protected":false},"author":3,"featured_media":0,"comment_status":"closed","ping_status":"open","sticky":false,"template":"","format":"standard","meta":{"footnotes":""},"categories":[13],"tags":[],"class_list":["post-941","post","type-post","status-publish","format-standard","hentry","category-presse-aktuell"],"_links":{"self":[{"href":"https:\/\/hebelbund.de\/index.php?rest_route=\/wp\/v2\/posts\/941","targetHints":{"allow":["GET"]}}],"collection":[{"href":"https:\/\/hebelbund.de\/index.php?rest_route=\/wp\/v2\/posts"}],"about":[{"href":"https:\/\/hebelbund.de\/index.php?rest_route=\/wp\/v2\/types\/post"}],"author":[{"embeddable":true,"href":"https:\/\/hebelbund.de\/index.php?rest_route=\/wp\/v2\/users\/3"}],"replies":[{"embeddable":true,"href":"https:\/\/hebelbund.de\/index.php?rest_route=%2Fwp%2Fv2%2Fcomments&post=941"}],"version-history":[{"count":2,"href":"https:\/\/hebelbund.de\/index.php?rest_route=\/wp\/v2\/posts\/941\/revisions"}],"predecessor-version":[{"id":966,"href":"https:\/\/hebelbund.de\/index.php?rest_route=\/wp\/v2\/posts\/941\/revisions\/966"}],"wp:attachment":[{"href":"https:\/\/hebelbund.de\/index.php?rest_route=%2Fwp%2Fv2%2Fmedia&parent=941"}],"wp:term":[{"taxonomy":"category","embeddable":true,"href":"https:\/\/hebelbund.de\/index.php?rest_route=%2Fwp%2Fv2%2Fcategories&post=941"},{"taxonomy":"post_tag","embeddable":true,"href":"https:\/\/hebelbund.de\/index.php?rest_route=%2Fwp%2Fv2%2Ftags&post=941"}],"curies":[{"name":"wp","href":"https:\/\/api.w.org\/{rel}","templated":true}]}}